{"id":1014,"date":"2022-11-06T16:16:55","date_gmt":"2022-11-06T16:16:55","guid":{"rendered":"http:\/\/fundacionvaldessalas.es\/misadegaita\/?p=1014"},"modified":"2023-04-17T08:47:21","modified_gmt":"2023-04-17T08:47:21","slug":"misa-de-gaita-en-san-pedro-de-tineo-octubre-2022","status":"publish","type":"post","link":"https:\/\/fundacionvaldessalas.es\/misadegaita\/misa-de-gaita-en-san-pedro-de-tineo-octubre-2022\/","title":{"rendered":"Misa de gaita en San Pedro de Tineo. Octubre 2022"},"content":{"rendered":"<p><a href=\"http:\/\/fundacionvaldessalas.es\/misadegaita\/wp-content\/uploads\/2022\/11\/1681718503081.jpg\"><img loading=\"lazy\" class=\"size-medium wp-image-1035 aligncenter\" src=\"http:\/\/fundacionvaldessalas.es\/misadegaita\/wp-content\/uploads\/2022\/11\/1681718503081-300x129.jpg\" alt=\"\" width=\"300\" height=\"129\" srcset=\"https:\/\/fundacionvaldessalas.es\/misadegaita\/wp-content\/uploads\/2022\/11\/1681718503081-300x129.jpg 300w, https:\/\/fundacionvaldessalas.es\/misadegaita\/wp-content\/uploads\/2022\/11\/1681718503081-1024x440.jpg 1024w, https:\/\/fundacionvaldessalas.es\/misadegaita\/wp-content\/uploads\/2022\/11\/1681718503081-768x330.jpg 768w, https:\/\/fundacionvaldessalas.es\/misadegaita\/wp-content\/uploads\/2022\/11\/1681718503081-1536x660.jpg 1536w, https:\/\/fundacionvaldessalas.es\/misadegaita\/wp-content\/uploads\/2022\/11\/1681718503081.jpg 1600w\" sizes=\"(max-width: 300px) 100vw, 300px\" \/><\/a><\/p>\n<p>El domingo 23 de octubre 2022 ha tenido lugar la celebraci\u00f3n de la Misa Asturiana de gaita en la iglesia parroquial de S. Pedro en Tineo.<\/p>\n<p>La Misa de gaita fue el \u00faltimo acto, organizado por ASOCIACI\u00d3N DE AMIGOS DEL CAMINO ASTUR-GALAICO DEL INTERIOR, (presidente D. Laureano Garc\u00eda) como colof\u00f3n de\u00a0 una serie de actividades, charlas, exposiciones y conferencias llevadas a cabo durante los meses anteriores de este mismo a\u00f1o con motivo del \u201c800\u00a0 ANIVERSARIO DEL PRIVILEGIO DEL REY ALFONSO IX, POR EL QUE TODOS LOS PEREGRINOS DEB\u00cdAN PASAR POR TINEO Y POR OBONA\u00a0 (1222-2022)\u201d.<\/p>\n<p>Ofici\u00f3 la misa el p\u00e1rroco de Tineo, D. Alfredo de Diego Braga. Adem\u00e1s del taller Lolo Cornellana, cantaron como solistas M\u00aa Luz Cristobal Caunedo y Pepe\u00b4l Molin. Los gaiteros fueron Xaime Men\u00e9ndez y Luis A. Pola.<\/p>\n<p>Agradecer la colaboraci\u00f3n de la Fundaci\u00f3n Vald\u00e9s Salas, el Arzobispado de Oviedo y el Ayuntamiento de Tineo.<\/p>\n<p>M\u00e1s informaci\u00f3n: <a href=\"https:\/\/www.elcomercio.es\/asturias\/occidente\/obona-celebra-anos-20221024000823-ntvo.html\">EL COMERCIO<\/a><\/p>\n<p><a href=\"https:\/\/www.rtpa.es\/noticias-sociedad:Misa-de-gaita-por-los-800-a%C3%83%C2%B1os-de-Obona-como-paso-obligado-para-los-peregrinos_111666551088.html\">TPA<\/a><\/p>\n","protected":false},"excerpt":{"rendered":"<p>El domingo 23 de octubre 2022 ha tenido lugar la celebraci\u00f3n de la Misa Asturiana de gaita en la iglesia parroquial de S. Pedro en Tineo. La Misa de gaita fue el \u00faltimo acto, organizado por ASOCIACI\u00d3N DE AMIGOS DEL CAMINO ASTUR-GALAICO DEL INTERIOR, (presidente D. Laureano Garc\u00eda) como colof\u00f3n de\u00a0 una serie de actividades, [&hellip;]<\/p>\n","protected":false},"author":8,"featured_media":0,"comment_status":"closed","ping_status":"open","sticky":false,"template":"","format":"standard","meta":[],"categories":[1,7],"tags":[],"_links":{"self":[{"href":"https:\/\/fundacionvaldessalas.es\/misadegaita\/wp-json\/wp\/v2\/posts\/1014"}],"collection":[{"href":"https:\/\/fundacionvaldessalas.es\/misadegaita\/wp-json\/wp\/v2\/posts"}],"about":[{"href":"https:\/\/fundacionvaldessalas.es\/misadegaita\/wp-json\/wp\/v2\/types\/post"}],"author":[{"embeddable":true,"href":"https:\/\/fundacionvaldessalas.es\/misadegaita\/wp-json\/wp\/v2\/users\/8"}],"replies":[{"embeddable":true,"href":"https:\/\/fundacionvaldessalas.es\/misadegaita\/wp-json\/wp\/v2\/comments?post=1014"}],"version-history":[{"count":3,"href":"https:\/\/fundacionvaldessalas.es\/misadegaita\/wp-json\/wp\/v2\/posts\/1014\/revisions"}],"predecessor-version":[{"id":1037,"href":"https:\/\/fundacionvaldessalas.es\/misadegaita\/wp-json\/wp\/v2\/posts\/1014\/revisions\/1037"}],"wp:attachment":[{"href":"https:\/\/fundacionvaldessalas.es\/misadegaita\/wp-json\/wp\/v2\/media?parent=1014"}],"wp:term":[{"taxonomy":"category","embeddable":true,"href":"https:\/\/fundacionvaldessalas.es\/misadegaita\/wp-json\/wp\/v2\/categories?post=1014"},{"taxonomy":"post_tag","embeddable":true,"href":"https:\/\/fundacionvaldessalas.es\/misadegaita\/wp-json\/wp\/v2\/tags?post=1014"}],"curies":[{"name":"wp","href":"https:\/\/api.w.org\/{rel}","templated":true}]}}