{"id":1077,"date":"2025-04-27T17:52:02","date_gmt":"2025-04-27T17:52:02","guid":{"rendered":"https:\/\/fundacionvaldessalas.es\/misadegaita\/?p=1077"},"modified":"2025-04-27T18:14:07","modified_gmt":"2025-04-27T18:14:07","slug":"misa-de-gaita-en-salas-agosto-2024","status":"publish","type":"post","link":"https:\/\/fundacionvaldessalas.es\/misadegaita\/misa-de-gaita-en-salas-agosto-2024\/","title":{"rendered":"Misa de gaita en Salas. Agosto 2024"},"content":{"rendered":"<p>El 13 de agosto de 2024 en la Colegiata de Salas, el Taller Lolo Cornellana,interpret\u00f3 una misa de gaita dentro de las celebraciones de la novena de la Virgen del Viso.<\/p>\n<p>Estuvo acompa\u00f1ado por los gaiteros Luis Pola y Xaime Men\u00e9ndez y actuaron como solistas Mari Luz Cristobal Caunedo y Pepe\u00b4l Mol\u00edn. Dirigi\u00f3 el conjunto Joaqu\u00edn Valde\u00f3n.<\/p>\n<p style=\"text-align: center;\"><a href=\"http:\/\/fundacionvaldessalas.es\/misadegaita\/wp-content\/uploads\/2022\/05\/img-20240813-wa0007.jpg\"><img loading=\"lazy\" class=\"alignnone size-medium wp-image-1085\" src=\"http:\/\/fundacionvaldessalas.es\/misadegaita\/wp-content\/uploads\/2022\/05\/img-20240813-wa0007-300x225.jpg\" alt=\"\" width=\"300\" height=\"225\" srcset=\"https:\/\/fundacionvaldessalas.es\/misadegaita\/wp-content\/uploads\/2022\/05\/img-20240813-wa0007-300x225.jpg 300w, https:\/\/fundacionvaldessalas.es\/misadegaita\/wp-content\/uploads\/2022\/05\/img-20240813-wa0007-1024x768.jpg 1024w, https:\/\/fundacionvaldessalas.es\/misadegaita\/wp-content\/uploads\/2022\/05\/img-20240813-wa0007-768x576.jpg 768w, https:\/\/fundacionvaldessalas.es\/misadegaita\/wp-content\/uploads\/2022\/05\/img-20240813-wa0007-1536x1152.jpg 1536w, https:\/\/fundacionvaldessalas.es\/misadegaita\/wp-content\/uploads\/2022\/05\/img-20240813-wa0007-400x300.jpg 400w, https:\/\/fundacionvaldessalas.es\/misadegaita\/wp-content\/uploads\/2022\/05\/img-20240813-wa0007.jpg 1600w\" sizes=\"(max-width: 300px) 100vw, 300px\" \/><\/a><\/p>\n","protected":false},"excerpt":{"rendered":"<p>El 13 de agosto de 2024 en la Colegiata de Salas, el Taller Lolo Cornellana,interpret\u00f3 una misa de gaita dentro de las celebraciones de la novena de la Virgen del Viso. Estuvo acompa\u00f1ado por los gaiteros Luis Pola y Xaime Men\u00e9ndez y actuaron como solistas Mari Luz Cristobal Caunedo y Pepe\u00b4l Mol\u00edn. Dirigi\u00f3 el conjunto [&hellip;]<\/p>\n","protected":false},"author":8,"featured_media":0,"comment_status":"closed","ping_status":"open","sticky":false,"template":"","format":"standard","meta":[],"categories":[1,7],"tags":[],"_links":{"self":[{"href":"https:\/\/fundacionvaldessalas.es\/misadegaita\/wp-json\/wp\/v2\/posts\/1077"}],"collection":[{"href":"https:\/\/fundacionvaldessalas.es\/misadegaita\/wp-json\/wp\/v2\/posts"}],"about":[{"href":"https:\/\/fundacionvaldessalas.es\/misadegaita\/wp-json\/wp\/v2\/types\/post"}],"author":[{"embeddable":true,"href":"https:\/\/fundacionvaldessalas.es\/misadegaita\/wp-json\/wp\/v2\/users\/8"}],"replies":[{"embeddable":true,"href":"https:\/\/fundacionvaldessalas.es\/misadegaita\/wp-json\/wp\/v2\/comments?post=1077"}],"version-history":[{"count":5,"href":"https:\/\/fundacionvaldessalas.es\/misadegaita\/wp-json\/wp\/v2\/posts\/1077\/revisions"}],"predecessor-version":[{"id":1087,"href":"https:\/\/fundacionvaldessalas.es\/misadegaita\/wp-json\/wp\/v2\/posts\/1077\/revisions\/1087"}],"wp:attachment":[{"href":"https:\/\/fundacionvaldessalas.es\/misadegaita\/wp-json\/wp\/v2\/media?parent=1077"}],"wp:term":[{"taxonomy":"category","embeddable":true,"href":"https:\/\/fundacionvaldessalas.es\/misadegaita\/wp-json\/wp\/v2\/categories?post=1077"},{"taxonomy":"post_tag","embeddable":true,"href":"https:\/\/fundacionvaldessalas.es\/misadegaita\/wp-json\/wp\/v2\/tags?post=1077"}],"curies":[{"name":"wp","href":"https:\/\/api.w.org\/{rel}","templated":true}]}}