{"id":109,"date":"2014-12-12T09:00:42","date_gmt":"2014-12-12T09:00:42","guid":{"rendered":"http:\/\/fundacionvaldessalas.es\/misadegaita\/?p=109"},"modified":"2015-03-19T09:04:40","modified_gmt":"2015-03-19T09:04:40","slug":"nuevos-patronos-de-honor-de-la-fundacion-valdes-salas","status":"publish","type":"post","link":"https:\/\/fundacionvaldessalas.es\/misadegaita\/nuevos-patronos-de-honor-de-la-fundacion-valdes-salas\/","title":{"rendered":"Nuevos patronos de honor de la Fundaci\u00f3n Vald\u00e9s-Salas"},"content":{"rendered":"<p><a href=\"http:\/\/fundacionvaldessalas.es\/misadegaita\/wp-content\/uploads\/2015\/03\/Patronod-11.jpg\"><img loading=\"lazy\" class=\"alignnone size-large wp-image-113\" src=\"http:\/\/fundacionvaldessalas.es\/misadegaita\/wp-content\/uploads\/2015\/03\/Patronod-11-1024x768.jpg\" alt=\"Patronod 1\" width=\"600\" height=\"450\" srcset=\"https:\/\/fundacionvaldessalas.es\/misadegaita\/wp-content\/uploads\/2015\/03\/Patronod-11-1024x768.jpg 1024w, https:\/\/fundacionvaldessalas.es\/misadegaita\/wp-content\/uploads\/2015\/03\/Patronod-11-300x225.jpg 300w\" sizes=\"(max-width: 600px) 100vw, 600px\" \/><\/a><br \/>\nEn reuni\u00f3n del Patronato de la Fundaci\u00f3n Vald\u00e9s-Salas del 12 de diciembre de 2014 se acord\u00f3 nombrar patronos de honor a los profesores \u00c1ngel Medina (estudioso de la Misa de gaita), Jes\u00fas M. Pel\u00e1ez, generoso donante de su gran biblioteca a la Fundaci\u00f3n y persona que ha apoyado con gestiones, escritos y presentaciones esta liturgia popular, as\u00ed como al economista Joaqu\u00edn Ocampo, los tres en este orden en la foto.<\/p>\n","protected":false},"excerpt":{"rendered":"<p>En reuni\u00f3n del Patronato de la Fundaci\u00f3n Vald\u00e9s-Salas del 12 de diciembre de 2014 se acord\u00f3 nombrar patronos de honor a los profesores \u00c1ngel Medina (estudioso de la Misa de gaita), Jes\u00fas M. Pel\u00e1ez, generoso donante de su gran biblioteca a la Fundaci\u00f3n y persona que ha apoyado con gestiones, escritos y presentaciones esta liturgia [&hellip;]<\/p>\n","protected":false},"author":1,"featured_media":110,"comment_status":"closed","ping_status":"open","sticky":false,"template":"","format":"standard","meta":[],"categories":[3],"tags":[],"_links":{"self":[{"href":"https:\/\/fundacionvaldessalas.es\/misadegaita\/wp-json\/wp\/v2\/posts\/109"}],"collection":[{"href":"https:\/\/fundacionvaldessalas.es\/misadegaita\/wp-json\/wp\/v2\/posts"}],"about":[{"href":"https:\/\/fundacionvaldessalas.es\/misadegaita\/wp-json\/wp\/v2\/types\/post"}],"author":[{"embeddable":true,"href":"https:\/\/fundacionvaldessalas.es\/misadegaita\/wp-json\/wp\/v2\/users\/1"}],"replies":[{"embeddable":true,"href":"https:\/\/fundacionvaldessalas.es\/misadegaita\/wp-json\/wp\/v2\/comments?post=109"}],"version-history":[{"count":3,"href":"https:\/\/fundacionvaldessalas.es\/misadegaita\/wp-json\/wp\/v2\/posts\/109\/revisions"}],"predecessor-version":[{"id":114,"href":"https:\/\/fundacionvaldessalas.es\/misadegaita\/wp-json\/wp\/v2\/posts\/109\/revisions\/114"}],"wp:featuredmedia":[{"embeddable":true,"href":"https:\/\/fundacionvaldessalas.es\/misadegaita\/wp-json\/wp\/v2\/media\/110"}],"wp:attachment":[{"href":"https:\/\/fundacionvaldessalas.es\/misadegaita\/wp-json\/wp\/v2\/media?parent=109"}],"wp:term":[{"taxonomy":"category","embeddable":true,"href":"https:\/\/fundacionvaldessalas.es\/misadegaita\/wp-json\/wp\/v2\/categories?post=109"},{"taxonomy":"post_tag","embeddable":true,"href":"https:\/\/fundacionvaldessalas.es\/misadegaita\/wp-json\/wp\/v2\/tags?post=109"}],"curies":[{"name":"wp","href":"https:\/\/api.w.org\/{rel}","templated":true}]}}