{"id":1093,"date":"2025-04-27T18:21:35","date_gmt":"2025-04-27T18:21:35","guid":{"rendered":"https:\/\/fundacionvaldessalas.es\/misadegaita\/?p=1093"},"modified":"2026-02-22T18:35:58","modified_gmt":"2026-02-22T18:35:58","slug":"proxima-misa-de-gaita-3","status":"publish","type":"post","link":"https:\/\/fundacionvaldessalas.es\/misadegaita\/proxima-misa-de-gaita-3\/","title":{"rendered":"Pr\u00f3xima misa de gaita"},"content":{"rendered":"<p>El pr\u00f3ximo 1 de Marzo de 2026 en la Bas\u00edlica de San Juan el Real de Oviedo, el Taller Lolo Cornellana acompa\u00f1ado por Mari Luz Cristobal Caunedo, Pepe\u00b4l Mol\u00edn , el gaitero Luis Pola y dirigidos por Luis Valde\u00f3n interpretar\u00e1 la misa de gaita asturiana.\u00a0 La misa se celebrar\u00e1 a las 13 horas.<\/p>\n<p>&nbsp;<\/p>\n","protected":false},"excerpt":{"rendered":"<p>El pr\u00f3ximo 1 de Marzo de 2026 en la Bas\u00edlica de San Juan el Real de Oviedo, el Taller Lolo Cornellana acompa\u00f1ado por Mari Luz Cristobal Caunedo, Pepe\u00b4l Mol\u00edn , el gaitero Luis Pola y dirigidos por Luis Valde\u00f3n interpretar\u00e1 la misa de gaita asturiana.\u00a0 La misa se celebrar\u00e1 a las 13 horas. &nbsp;<\/p>\n","protected":false},"author":8,"featured_media":0,"comment_status":"closed","ping_status":"open","sticky":true,"template":"","format":"standard","meta":[],"categories":[1],"tags":[],"_links":{"self":[{"href":"https:\/\/fundacionvaldessalas.es\/misadegaita\/wp-json\/wp\/v2\/posts\/1093"}],"collection":[{"href":"https:\/\/fundacionvaldessalas.es\/misadegaita\/wp-json\/wp\/v2\/posts"}],"about":[{"href":"https:\/\/fundacionvaldessalas.es\/misadegaita\/wp-json\/wp\/v2\/types\/post"}],"author":[{"embeddable":true,"href":"https:\/\/fundacionvaldessalas.es\/misadegaita\/wp-json\/wp\/v2\/users\/8"}],"replies":[{"embeddable":true,"href":"https:\/\/fundacionvaldessalas.es\/misadegaita\/wp-json\/wp\/v2\/comments?post=1093"}],"version-history":[{"count":5,"href":"https:\/\/fundacionvaldessalas.es\/misadegaita\/wp-json\/wp\/v2\/posts\/1093\/revisions"}],"predecessor-version":[{"id":1128,"href":"https:\/\/fundacionvaldessalas.es\/misadegaita\/wp-json\/wp\/v2\/posts\/1093\/revisions\/1128"}],"wp:attachment":[{"href":"https:\/\/fundacionvaldessalas.es\/misadegaita\/wp-json\/wp\/v2\/media?parent=1093"}],"wp:term":[{"taxonomy":"category","embeddable":true,"href":"https:\/\/fundacionvaldessalas.es\/misadegaita\/wp-json\/wp\/v2\/categories?post=1093"},{"taxonomy":"post_tag","embeddable":true,"href":"https:\/\/fundacionvaldessalas.es\/misadegaita\/wp-json\/wp\/v2\/tags?post=1093"}],"curies":[{"name":"wp","href":"https:\/\/api.w.org\/{rel}","templated":true}]}}