{"id":1129,"date":"2026-02-22T18:38:48","date_gmt":"2026-02-22T18:38:48","guid":{"rendered":"https:\/\/fundacionvaldessalas.es\/misadegaita\/?p=1129"},"modified":"2026-02-22T18:46:39","modified_gmt":"2026-02-22T18:46:39","slug":"misa-en-la-colegiata-de-salas","status":"publish","type":"post","link":"https:\/\/fundacionvaldessalas.es\/misadegaita\/misa-en-la-colegiata-de-salas\/","title":{"rendered":"Misa en la Colegiata de Salas"},"content":{"rendered":"<h5>El pasado <strong>10 de agosto de 2025<\/strong>, tuvo lugar en la <strong>Colegiata de Salas<\/strong> la interpretaci\u00f3n de la <strong>misa de gaita asturiana<\/strong>, a cargo del <strong>Taller Lolo Cornellana<\/strong>. El conjunto cont\u00f3 con la colaboraci\u00f3n de <strong>Mari Luz Crist\u00f3bal Caunedo<\/strong>, <strong>Pepe\u2019l Mol\u00edn<\/strong> y el gaitero <strong>Luis Pola<\/strong>, bajo la direcci\u00f3n musical de <strong>Luis Valde\u00f3n<\/strong>.<\/h5>\n<div>\n<h5>La celebraci\u00f3n, que comenz\u00f3 a las <strong>20:00 horas<\/strong>, reuni\u00f3 a numerosos asistentes y se desarroll\u00f3 en un ambiente de solemnidad y respeto por la tradici\u00f3n musical asturiana.<\/h5>\n<h5>Un acto que no fue solo una celebraci\u00f3n musical, sino un homenaje profundo a la identidad y a la memoria de un pueblo.<\/h5>\n<h4 style=\"text-align: center;\"><a href=\"http:\/\/fundacionvaldessalas.es\/misadegaita\/wp-content\/uploads\/2026\/02\/img-20250810-wa0005-1.jpg\"><img loading=\"lazy\" class=\"alignnone size-medium wp-image-1133\" src=\"http:\/\/fundacionvaldessalas.es\/misadegaita\/wp-content\/uploads\/2026\/02\/img-20250810-wa0005-1-300x296.jpg\" alt=\"\" width=\"300\" height=\"296\" srcset=\"https:\/\/fundacionvaldessalas.es\/misadegaita\/wp-content\/uploads\/2026\/02\/img-20250810-wa0005-1-300x296.jpg 300w, https:\/\/fundacionvaldessalas.es\/misadegaita\/wp-content\/uploads\/2026\/02\/img-20250810-wa0005-1-768x757.jpg 768w, https:\/\/fundacionvaldessalas.es\/misadegaita\/wp-content\/uploads\/2026\/02\/img-20250810-wa0005-1-50x50.jpg 50w, https:\/\/fundacionvaldessalas.es\/misadegaita\/wp-content\/uploads\/2026\/02\/img-20250810-wa0005-1-80x80.jpg 80w, https:\/\/fundacionvaldessalas.es\/misadegaita\/wp-content\/uploads\/2026\/02\/img-20250810-wa0005-1.jpg 913w\" sizes=\"(max-width: 300px) 100vw, 300px\" \/><\/a><\/h4>\n<\/div>\n","protected":false},"excerpt":{"rendered":"<p>El pasado 10 de agosto de 2025, tuvo lugar en la Colegiata de Salas la interpretaci\u00f3n de la misa de gaita asturiana, a cargo del Taller Lolo Cornellana. El conjunto cont\u00f3 con la colaboraci\u00f3n de Mari Luz Crist\u00f3bal Caunedo, Pepe\u2019l Mol\u00edn y el gaitero Luis Pola, bajo la direcci\u00f3n musical de Luis Valde\u00f3n. La celebraci\u00f3n, [&hellip;]<\/p>\n","protected":false},"author":8,"featured_media":0,"comment_status":"closed","ping_status":"open","sticky":false,"template":"","format":"standard","meta":[],"categories":[1,7],"tags":[],"_links":{"self":[{"href":"https:\/\/fundacionvaldessalas.es\/misadegaita\/wp-json\/wp\/v2\/posts\/1129"}],"collection":[{"href":"https:\/\/fundacionvaldessalas.es\/misadegaita\/wp-json\/wp\/v2\/posts"}],"about":[{"href":"https:\/\/fundacionvaldessalas.es\/misadegaita\/wp-json\/wp\/v2\/types\/post"}],"author":[{"embeddable":true,"href":"https:\/\/fundacionvaldessalas.es\/misadegaita\/wp-json\/wp\/v2\/users\/8"}],"replies":[{"embeddable":true,"href":"https:\/\/fundacionvaldessalas.es\/misadegaita\/wp-json\/wp\/v2\/comments?post=1129"}],"version-history":[{"count":4,"href":"https:\/\/fundacionvaldessalas.es\/misadegaita\/wp-json\/wp\/v2\/posts\/1129\/revisions"}],"predecessor-version":[{"id":1135,"href":"https:\/\/fundacionvaldessalas.es\/misadegaita\/wp-json\/wp\/v2\/posts\/1129\/revisions\/1135"}],"wp:attachment":[{"href":"https:\/\/fundacionvaldessalas.es\/misadegaita\/wp-json\/wp\/v2\/media?parent=1129"}],"wp:term":[{"taxonomy":"category","embeddable":true,"href":"https:\/\/fundacionvaldessalas.es\/misadegaita\/wp-json\/wp\/v2\/categories?post=1129"},{"taxonomy":"post_tag","embeddable":true,"href":"https:\/\/fundacionvaldessalas.es\/misadegaita\/wp-json\/wp\/v2\/tags?post=1129"}],"curies":[{"name":"wp","href":"https:\/\/api.w.org\/{rel}","templated":true}]}}