{"id":244,"date":"2014-06-29T13:01:08","date_gmt":"2014-06-29T13:01:08","guid":{"rendered":"http:\/\/fundacionvaldessalas.es\/misadegaita\/?p=244"},"modified":"2022-04-11T18:10:42","modified_gmt":"2022-04-11T18:10:42","slug":"misa-de-gaita-en-covadonga-2","status":"publish","type":"post","link":"https:\/\/fundacionvaldessalas.es\/misadegaita\/misa-de-gaita-en-covadonga-2\/","title":{"rendered":"Misa de gaita en Covadonga"},"content":{"rendered":"<p>Covadonga, ma\u00f1ana del 29 de junio de 2014. <em>Misa del Peregrino<\/em> en la Bas\u00edlica, a las 12, presidida por el Ilustr\u00edsimo Sr. Abad de Covadonga, Dr. Juan Jos\u00e9 Tu\u00f1\u00f3n Escalada<em>. <\/em>Podr\u00eda decirse que se trat\u00f3 de una eucarist\u00eda muy especial por diversas razones, desde la propia importancia de la festividad de San Pedro y San Pablo que la Iglesia celebra ese d\u00eda hasta la bella homil\u00eda del Sr. Abad. Pero hab\u00eda un detalle particularmente singular en lo tocante a sus c\u00e1nticos y sones instrumentales de la misma: era una <em>misa de gaita<\/em>, es decir, una eucarist\u00eda con siglos de historia a sus espaldas, cuyo Ordinario se canta en lat\u00edn con acompa\u00f1amiento de la gaita de la fuelle, el instrumento musical por excelencia del Principado.<\/p>\n<p>Dejamos constancia de sus int\u00e9rpretes: Coro del Taller \u201cLolo Cornellana\u201d de la Misa de gaita, con la colaboraci\u00f3n especial de la gran cantante Mari Luz Crist\u00f3bal Caunedo, y con Xaime Men\u00e9ndez y Llori\u00e1n Garc\u00eda Fl\u00f3rez aalternando a la gaita, todos dirigidos por el maestro Joaqu\u00edn Valde\u00f3n.<\/p>\n<p>Una impactante fotograf\u00eda a toda plana en la primera p\u00e1gina de la edici\u00f3n del oriente del diario <em>El Comercio<\/em> hablaba al d\u00eda siguiente por s\u00ed sola de la intensa celebraci\u00f3n lit\u00fargica que se hab\u00eda vivido en Covadonga el d\u00eda anterior. Como escribir\u00eda despu\u00e9s Emilio Serrano Quesada en <em>La Nueva Espoa\u00f1a<\/em>, \u201cla emoci\u00f3n se hizo presente\u201d con esas voces acompa\u00f1adas por nuestro instrumento musical m\u00e1s emblem\u00e1tico. dem\u00e1s, la TPA realiz\u00f3 una soberbia grabaci\u00f3n que fue luego emitida en el marco de la destividad de Covadonga y D\u00eda de Asturias, a principios de septiembre.<\/p>\n<p>Im\u00e1genes en el siguiente<a title=\"Misa de gaita en Covadonga\" href=\"http:\/\/fundacionvaldessalas.es\/misadegaita\/?p=158\"> link.<\/a><\/p>\n","protected":false},"excerpt":{"rendered":"<p>Covadonga, ma\u00f1ana del 29 de junio de 2014. Misa del Peregrino en la Bas\u00edlica, a las 12, presidida por el Ilustr\u00edsimo Sr. Abad de Covadonga, Dr. Juan Jos\u00e9 Tu\u00f1\u00f3n Escalada. Podr\u00eda decirse que se trat\u00f3 de una eucarist\u00eda muy especial por diversas razones, desde la propia importancia de la festividad de San Pedro y San [&hellip;]<\/p>\n","protected":false},"author":1,"featured_media":246,"comment_status":"closed","ping_status":"open","sticky":false,"template":"","format":"standard","meta":[],"categories":[7],"tags":[],"_links":{"self":[{"href":"https:\/\/fundacionvaldessalas.es\/misadegaita\/wp-json\/wp\/v2\/posts\/244"}],"collection":[{"href":"https:\/\/fundacionvaldessalas.es\/misadegaita\/wp-json\/wp\/v2\/posts"}],"about":[{"href":"https:\/\/fundacionvaldessalas.es\/misadegaita\/wp-json\/wp\/v2\/types\/post"}],"author":[{"embeddable":true,"href":"https:\/\/fundacionvaldessalas.es\/misadegaita\/wp-json\/wp\/v2\/users\/1"}],"replies":[{"embeddable":true,"href":"https:\/\/fundacionvaldessalas.es\/misadegaita\/wp-json\/wp\/v2\/comments?post=244"}],"version-history":[{"count":1,"href":"https:\/\/fundacionvaldessalas.es\/misadegaita\/wp-json\/wp\/v2\/posts\/244\/revisions"}],"predecessor-version":[{"id":245,"href":"https:\/\/fundacionvaldessalas.es\/misadegaita\/wp-json\/wp\/v2\/posts\/244\/revisions\/245"}],"wp:featuredmedia":[{"embeddable":true,"href":"https:\/\/fundacionvaldessalas.es\/misadegaita\/wp-json\/wp\/v2\/media\/246"}],"wp:attachment":[{"href":"https:\/\/fundacionvaldessalas.es\/misadegaita\/wp-json\/wp\/v2\/media?parent=244"}],"wp:term":[{"taxonomy":"category","embeddable":true,"href":"https:\/\/fundacionvaldessalas.es\/misadegaita\/wp-json\/wp\/v2\/categories?post=244"},{"taxonomy":"post_tag","embeddable":true,"href":"https:\/\/fundacionvaldessalas.es\/misadegaita\/wp-json\/wp\/v2\/tags?post=244"}],"curies":[{"name":"wp","href":"https:\/\/api.w.org\/{rel}","templated":true}]}}