{"id":322,"date":"2015-04-19T13:56:52","date_gmt":"2015-04-19T13:56:52","guid":{"rendered":"http:\/\/fundacionvaldessalas.es\/misadegaita\/?p=322"},"modified":"2022-04-11T18:09:11","modified_gmt":"2022-04-11T18:09:11","slug":"misa-de-gaita-en-santo-tomas-de-canterbury-aviles-2","status":"publish","type":"post","link":"https:\/\/fundacionvaldessalas.es\/misadegaita\/misa-de-gaita-en-santo-tomas-de-canterbury-aviles-2\/","title":{"rendered":"Misa de gaita en Santo Tom\u00e1s de Canterbury (Avil\u00e9s)"},"content":{"rendered":"<p>La misa dominical de la una de la tarde en la parroquia de Santo Tom\u00e1s de Canterbury (Avil\u00e9s) tuvo el 19 de abril un detalle singular. Y es que dicha eucarist\u00eda se revisti\u00f3 con el ropaje sonoro de la <em>Misa de gaita. <\/em>El hermoso templo avilesino se llen\u00f3 con los feligreses de la parroquia y con otros asistentes para celebrar una liturgia popular declarada el pasado a\u00f1o Bien de Inter\u00e9s Cultural. Liturgia que, aunque cantada en lat\u00edn \u2014como era lo habitual en los siglos previos al Vaticano II\u2014 posee una incuestionable identidad asturiana que le viene dada por el papel de la gaita como instrumento acompa\u00f1ante y por el uso de unas melod\u00edas que tienen su origen en el canto llano, pero que han ido incorporando giros y matices de la tonada. Como recog\u00eda <em>La Voz de Avil\u00e9s<\/em> al d\u00eda siguiente, \u201caunque pase el tiempo y las sociedades avancen, las tradiciones siguen bien enraizadas\u201d.<\/p>\n<p>Hab\u00eda emoci\u00f3n en el ambiente y, en buena medida, ello fue debido a la c\u00e1lida acogida del cop\u00e1rroco de Santo Tom\u00e1s, monse\u00f1or don Jos\u00e9 Antonio Gonz\u00e1lez Montoto, quien evoc\u00f3 sus recuerdos familiares de la <em>Misa de gaita<\/em> y medit\u00f3 sobre el valor de la m\u00fasica para la oraci\u00f3n. Tampoco le faltaron palabras de aliento y felicitaci\u00f3n para los miembros del Taller \u201cLolo Cornellana\u201d de la Misa de Gaita, los gaiteros Llori\u00e1n G\u00aa Fl\u00f3rez y Xaime Men\u00e9ndez, que se turnaron en el acompa\u00f1amiento y en las partes instrumentales o <em>entemedios.<\/em> <em>La Voz de Avil\u00e9s <\/em>del 20 de abril destaca que \u201cuno de los momentos m\u00e1s emocionantes de esta <em>Misa de Gaita<\/em> fue en el que se interpret\u00f3 el &#8216;Asturias Patria Querida&#8217; por parte de Llori\u00e1n Garc\u00eda Fl\u00f3rez\u201d. Inolvidable el regalo a\u00f1adido de la voz poderosa, bien timbrada y llena de ecos de la tierra de la gran cantante Mari Luz Crist\u00f3bal Caunedo, que dialog\u00f3 con el coro en el Gloria. Todos ello bajo la eficaz direcci\u00f3n del maestro Joaqu\u00edn Valde\u00f3n, director del Coro Universitario de Oviedo.<\/p>\n<p>Al final, monse\u00f1or Gonz\u00e1lez Montoto pidi\u00f3 un fuerte aplauso para los cantores y gaiteros. Y los fieles y asistentes, que hab\u00edan permanecido todo el tiempo muy atentos, fueron generosos en esta manifestaci\u00f3n de apoyo, que desde aqu\u00ed les devolvemos por habernos acogido tan generosa y hospitalariamente. Con gratitud muy en especial para Armando Arias, impulsor de esta iniciativa desde el Aula de Cultura de <em>La Voz de Avil\u00e9s.<\/em><\/p>\n<p>A continuaci\u00f3n, ten\u00e9is el <a href=\"http:\/\/fundacionvaldessalas.es\/misadegaita\/wp-content\/uploads\/2015\/04\/Cartel-Misa-Aviles.pdf\">Cartel de la Misa en Avil\u00e9s<\/a><\/p>\n<p>La Voz de Avil\u00e9s nos ha facilitado <a href=\"http:\/\/fundacionvaldessalas.es\/misadegaita\/wp-content\/uploads\/2015\/03\/MISa-de-GAITA-en-Aviles.pdf\">un pdf de la edici\u00f3n en papel  <\/a> con el reportaje sobre la Misa.<\/p>\n<p>Por \u00faltimo, os dejamos con una peque\u00f1a selecci\u00f3n de fotograf\u00edas realizadas por Joaqu\u00edn Valde\u00f3n:<\/p>\n\t\t\t\n\t\t\t<!-- Blueimp gallery -->\n\t\t\t<div id=\"blueimp-gallery\" class=\"blueimp-gallery blueimp-gallery-controls\">\n\t\t\t\t<div class=\"slides\"><\/div>\n\t\t\t\t<h3 class=\"title\"><\/h3>\n\t\t\t\t<a class=\"prev\">\u2039<\/a>\n\t\t\t\t<a class=\"next\">\u203a<\/a>\n\t\t\t\t<a class=\"close\">\u00d7<\/a>\n\t\t\t\t<a class=\"play-pause\"><\/a>\n\t\t\t\t<ol class=\"indicator\"><\/ol>\n\t\t\t\t<div class=\"modal fade\">\n\t\t\t\t\t<div class=\"modal-dialog\">\n\t\t\t\t\t\t<div class=\"modal-content\">\n\t\t\t\t\t\t\t<div class=\"modal-header\">\n\t\t\t\t\t\t\t\t<button type=\"button\" class=\"close\" aria-hidden=\"true\">&times;<\/button>\n\t\t\t\t\t\t\t\t<h4 class=\"modal-title\"><\/h4>\n\t\t\t\t\t\t\t<\/div>\n\t\t\t\t\t\t\t<div class=\"modal-body next\"><\/div>\n\t\t\t\t\t\t\t<div class=\"modal-footer\">\n\t\t\t\t\t\t\t\t<button type=\"button\" class=\"btn btn-default pull-left prev\">\n\t\t\t\t\t\t\t\t\t<i class=\"glyphicon glyphicon-chevron-left\"><\/i>\n\t\t\t\t\t\t\t\t\tPrevious\t\t\t\t\t\t\t\t<\/button>\n\t\t\t\t\t\t\t\t<button type=\"button\" class=\"btn btn-primary next\">\n\t\t\t\t\t\t\t\t\tNext\t\t\t\t\t\t\t\t\t<i class=\"glyphicon glyphicon-chevron-right\"><\/i>\n\t\t\t\t\t\t\t\t<\/button>\n\t\t\t\t\t\t\t<\/div>\n\t\t\t\t\t\t<\/div>\n\t\t\t\t\t<\/div>\n\t\t\t\t<\/div>\n\t\t\t<\/div>\n\t\t\t<script type=\"text\/javascript\">\n\t\t\tjQuery(function() {\n\t\t\t\t\/\/ Set blueimp gallery options\n\t\t\t\tjQuery.extend(blueimp.Gallery.prototype.options, {\n\t\t\t\t\tuseBootstrapModal: false,\n\t\t\t\t\thidePageScrollbars: false\n\t\t\t\t});\n\t\t\t});\n\t\t\t<\/script>\n\t\t\t\n","protected":false},"excerpt":{"rendered":"<p>La misa dominical de la una de la tarde en la parroquia de Santo Tom\u00e1s de Canterbury (Avil\u00e9s) tuvo el 19 de abril un detalle singular. Y es que dicha eucarist\u00eda se revisti\u00f3 con el ropaje sonoro de la Misa de gaita. El hermoso templo avilesino se llen\u00f3 con los feligreses de la parroquia y [&hellip;]<\/p>\n","protected":false},"author":1,"featured_media":316,"comment_status":"open","ping_status":"open","sticky":false,"template":"","format":"standard","meta":[],"categories":[5,7],"tags":[],"_links":{"self":[{"href":"https:\/\/fundacionvaldessalas.es\/misadegaita\/wp-json\/wp\/v2\/posts\/322"}],"collection":[{"href":"https:\/\/fundacionvaldessalas.es\/misadegaita\/wp-json\/wp\/v2\/posts"}],"about":[{"href":"https:\/\/fundacionvaldessalas.es\/misadegaita\/wp-json\/wp\/v2\/types\/post"}],"author":[{"embeddable":true,"href":"https:\/\/fundacionvaldessalas.es\/misadegaita\/wp-json\/wp\/v2\/users\/1"}],"replies":[{"embeddable":true,"href":"https:\/\/fundacionvaldessalas.es\/misadegaita\/wp-json\/wp\/v2\/comments?post=322"}],"version-history":[{"count":5,"href":"https:\/\/fundacionvaldessalas.es\/misadegaita\/wp-json\/wp\/v2\/posts\/322\/revisions"}],"predecessor-version":[{"id":327,"href":"https:\/\/fundacionvaldessalas.es\/misadegaita\/wp-json\/wp\/v2\/posts\/322\/revisions\/327"}],"wp:featuredmedia":[{"embeddable":true,"href":"https:\/\/fundacionvaldessalas.es\/misadegaita\/wp-json\/wp\/v2\/media\/316"}],"wp:attachment":[{"href":"https:\/\/fundacionvaldessalas.es\/misadegaita\/wp-json\/wp\/v2\/media?parent=322"}],"wp:term":[{"taxonomy":"category","embeddable":true,"href":"https:\/\/fundacionvaldessalas.es\/misadegaita\/wp-json\/wp\/v2\/categories?post=322"},{"taxonomy":"post_tag","embeddable":true,"href":"https:\/\/fundacionvaldessalas.es\/misadegaita\/wp-json\/wp\/v2\/tags?post=322"}],"curies":[{"name":"wp","href":"https:\/\/api.w.org\/{rel}","templated":true}]}}