{"id":333,"date":"2015-05-08T18:32:01","date_gmt":"2015-05-08T18:32:01","guid":{"rendered":"http:\/\/fundacionvaldessalas.es\/misadegaita\/?p=333"},"modified":"2015-05-13T17:18:32","modified_gmt":"2015-05-13T17:18:32","slug":"excepcional-libro-sobre-la-gaita-de-jean-pierre-van-hees","status":"publish","type":"post","link":"https:\/\/fundacionvaldessalas.es\/misadegaita\/excepcional-libro-sobre-la-gaita-de-jean-pierre-van-hees\/","title":{"rendered":"Excepcional libro sobre la gaita de Jean-Pierre van Hees"},"content":{"rendered":"<p>Jean-Pierre van Hees (profesor de la Universidad de Lovaina) es un especialista reconocido a nivel mundial en el estudio e interpretaci\u00f3n de la cornamusa, la gran familia de instrumentos a la que pertenece gaita de fuelle tradicional en Asturias.<\/p>\n<p>En 2014 public\u00f3 su obra monumental <em>Cornemuses,<\/em> <em>un infini sonore<\/em>, un libro fascinante, hermosamente editado, con cientos de im\u00e1genes y dos DVDs, en el que se pone orden en toda una serie de temas y t\u00f3picos que circulan en el mundo de la gaita.<\/p>\n<p>Pese a que el texto tiene muy amplias miras y estudia el instrumento en todo el mundo, as\u00ed como sus t\u00e9cnicas, repertorios, aspectos organol\u00f3gicos e iconogr\u00e1ficos, su historia y sus mitos, cabe destacar que la presencia asturiana es generosa. Y nos complace subrayar que no se olvida de la <em>Misa de gaita<\/em>, a la que ya le hab\u00eda dedicado su atenci\u00f3n en trabajos anteriores<strong>. <\/strong><\/p>\n<p>Y como el uso de la gaita acompa\u00f1ando los cantos lit\u00fargicos no deja de ser un tema algo vidrioso (pues aunque est\u00e1 bien documentado se ha perdido en la mayor\u00eda de los lugares) precisa el tema de este modo: \u201cexisten huellas tangibles del uso de la cornamusa y de la voz en el contexto de la m\u00fasica religiosa, notablemente con la <em>misa de gaita <\/em>de Asturias\u201d (la expresi\u00f3n \u201cmisa de gaita\u201d va en castellano en el original, p. 264).<\/p>\n<p>Y en otro lugar encontramos una hermosa descripci\u00f3n del formidable efecto que produce el canto lit\u00fargico acompa\u00f1ado por la gaita: \u201cla cornamusa no es antagonista del canto gregoriano, sino que por el contrario aporta un complemento sonoro denso que se funde de manera feliz con el timbre de las voces, ofreciendo al cantor un apoyo galvanizante que lleva el canto sagrado a un grado de intensidad de una fuerza sorprendente\u201d (p. 361).<\/p>\n<p>Esta web hace llegar sus m\u00e1s expresivas felicitaciones al Dr. Van Hees por tan rigurosa y cr\u00edtica investigaci\u00f3n.<\/p>\n<p>Sugerimos que una obra as\u00ed tendr\u00eda que estar traducida. Los miles de gaiteros y aficionados a este instrumento que hay en Espa\u00f1a (y no s\u00f3lo en Asturias y Galicia, como es sabido) lo agradecer\u00edan.<\/p>\n<p><strong><br \/>\nReferencia:<br \/>\nJean Pierre van Hees<br \/>\nCORNEMUSES, UN INFINI SONORE<br \/>\nKerangwenn, Ed. Coop Breizh, 2014, 415 p.<\/strong><br \/>\n<a title=\"Enlace a la editorial\" href=\"http:\/\/www.coop-breizh.fr\/livres-3\/livres-3\/paraitre-evenement-335\/cornemuses-un-infini-sonore-5596\/zoom-fr.htm\" target=\"_blank\">Enlace a la editorial<\/a><\/p>\n","protected":false},"excerpt":{"rendered":"<p>Jean-Pierre van Hees (profesor de la Universidad de Lovaina) es un especialista reconocido a nivel mundial en el estudio e interpretaci\u00f3n de la cornamusa, la gran familia de instrumentos a la que pertenece gaita de fuelle tradicional en Asturias. En 2014 public\u00f3 su obra monumental Cornemuses, un infini sonore, un libro fascinante, hermosamente editado, con [&hellip;]<\/p>\n","protected":false},"author":1,"featured_media":338,"comment_status":"open","ping_status":"open","sticky":false,"template":"","format":"standard","meta":[],"categories":[3],"tags":[],"_links":{"self":[{"href":"https:\/\/fundacionvaldessalas.es\/misadegaita\/wp-json\/wp\/v2\/posts\/333"}],"collection":[{"href":"https:\/\/fundacionvaldessalas.es\/misadegaita\/wp-json\/wp\/v2\/posts"}],"about":[{"href":"https:\/\/fundacionvaldessalas.es\/misadegaita\/wp-json\/wp\/v2\/types\/post"}],"author":[{"embeddable":true,"href":"https:\/\/fundacionvaldessalas.es\/misadegaita\/wp-json\/wp\/v2\/users\/1"}],"replies":[{"embeddable":true,"href":"https:\/\/fundacionvaldessalas.es\/misadegaita\/wp-json\/wp\/v2\/comments?post=333"}],"version-history":[{"count":7,"href":"https:\/\/fundacionvaldessalas.es\/misadegaita\/wp-json\/wp\/v2\/posts\/333\/revisions"}],"predecessor-version":[{"id":352,"href":"https:\/\/fundacionvaldessalas.es\/misadegaita\/wp-json\/wp\/v2\/posts\/333\/revisions\/352"}],"wp:featuredmedia":[{"embeddable":true,"href":"https:\/\/fundacionvaldessalas.es\/misadegaita\/wp-json\/wp\/v2\/media\/338"}],"wp:attachment":[{"href":"https:\/\/fundacionvaldessalas.es\/misadegaita\/wp-json\/wp\/v2\/media?parent=333"}],"wp:term":[{"taxonomy":"category","embeddable":true,"href":"https:\/\/fundacionvaldessalas.es\/misadegaita\/wp-json\/wp\/v2\/categories?post=333"},{"taxonomy":"post_tag","embeddable":true,"href":"https:\/\/fundacionvaldessalas.es\/misadegaita\/wp-json\/wp\/v2\/tags?post=333"}],"curies":[{"name":"wp","href":"https:\/\/api.w.org\/{rel}","templated":true}]}}