{"id":357,"date":"2015-06-01T11:17:32","date_gmt":"2015-06-01T11:17:32","guid":{"rendered":"http:\/\/fundacionvaldessalas.es\/misadegaita\/?p=357"},"modified":"2015-06-01T11:21:58","modified_gmt":"2015-06-01T11:21:58","slug":"misas-de-gaita-calendario-verano-2015","status":"publish","type":"post","link":"https:\/\/fundacionvaldessalas.es\/misadegaita\/misas-de-gaita-calendario-verano-2015\/","title":{"rendered":"Misas de gaita: Calendario verano 2015"},"content":{"rendered":"<p>Hemos recibido confirmaci\u00f3n acerca de las siguientes misas de gaita. Agradecer\u00edamos y publicar\u00edamos los datos sobre aquellas otras misas de gaita que se celebren en Asturias en los pr\u00f3ximos meses.<\/p>\n<ul>\n<li>Casta\u00f1eu (Belmonte), 7 de junio a las 12 h.<\/li>\n<li>Santa Eulalia de Doriga (Salas), 7 de Junio a las 13 h.<\/li>\n<li>San Juan de Cornellana (Salas), 24 de Junio a las 12:30 h.<\/li>\n<li>San Pedro de los Arcos (Oviedo), 29 de junio a las 19 h.<\/li>\n<li>Santue\u00f1a de Cornellana (Salas), 5 de julio a las 13h.<\/li>\n<li>Santiago de la Barca (Salas), 2 de agosto a las 13 h.<\/li>\n<li>San Marcelo de Doriga (Salas), 2 de Agosto a las 14h.<\/li>\n<li>San Justo y Pastor de Doriga (Salas), 28 de agosto a las 13h.<\/li>\n<li>San Antol\u00edn de Doriga (Salas), 2 de septiembre a las 13h.<\/li>\n<li>Santa Eufemia (Salas), 12 de septiembre a las 13h.<\/li>\n<li>Santa Tecla (Salas), 23 de septiembre a las 13h.<\/li>\n<\/ul>\n<p>Las anteriores misas ser\u00e1n cantadas por Pepe&#8217;l Mol\u00edn, acompa\u00f1ado del gaitero Xaime Men\u00e9ndez.<\/p>\n","protected":false},"excerpt":{"rendered":"<p>Hemos recibido confirmaci\u00f3n acerca de las siguientes misas de gaita. Agradecer\u00edamos y publicar\u00edamos los datos sobre aquellas otras misas de gaita que se celebren en Asturias en los pr\u00f3ximos meses. Casta\u00f1eu (Belmonte), 7 de junio a las 12 h. Santa Eulalia de Doriga (Salas), 7 de Junio a las 13 h. San Juan de Cornellana [&hellip;]<\/p>\n","protected":false},"author":1,"featured_media":366,"comment_status":"open","ping_status":"open","sticky":false,"template":"","format":"standard","meta":[],"categories":[3],"tags":[],"_links":{"self":[{"href":"https:\/\/fundacionvaldessalas.es\/misadegaita\/wp-json\/wp\/v2\/posts\/357"}],"collection":[{"href":"https:\/\/fundacionvaldessalas.es\/misadegaita\/wp-json\/wp\/v2\/posts"}],"about":[{"href":"https:\/\/fundacionvaldessalas.es\/misadegaita\/wp-json\/wp\/v2\/types\/post"}],"author":[{"embeddable":true,"href":"https:\/\/fundacionvaldessalas.es\/misadegaita\/wp-json\/wp\/v2\/users\/1"}],"replies":[{"embeddable":true,"href":"https:\/\/fundacionvaldessalas.es\/misadegaita\/wp-json\/wp\/v2\/comments?post=357"}],"version-history":[{"count":3,"href":"https:\/\/fundacionvaldessalas.es\/misadegaita\/wp-json\/wp\/v2\/posts\/357\/revisions"}],"predecessor-version":[{"id":369,"href":"https:\/\/fundacionvaldessalas.es\/misadegaita\/wp-json\/wp\/v2\/posts\/357\/revisions\/369"}],"wp:featuredmedia":[{"embeddable":true,"href":"https:\/\/fundacionvaldessalas.es\/misadegaita\/wp-json\/wp\/v2\/media\/366"}],"wp:attachment":[{"href":"https:\/\/fundacionvaldessalas.es\/misadegaita\/wp-json\/wp\/v2\/media?parent=357"}],"wp:term":[{"taxonomy":"category","embeddable":true,"href":"https:\/\/fundacionvaldessalas.es\/misadegaita\/wp-json\/wp\/v2\/categories?post=357"},{"taxonomy":"post_tag","embeddable":true,"href":"https:\/\/fundacionvaldessalas.es\/misadegaita\/wp-json\/wp\/v2\/tags?post=357"}],"curies":[{"name":"wp","href":"https:\/\/api.w.org\/{rel}","templated":true}]}}