{"id":361,"date":"2015-06-01T11:09:54","date_gmt":"2015-06-01T11:09:54","guid":{"rendered":"http:\/\/fundacionvaldessalas.es\/misadegaita\/?p=361"},"modified":"2015-06-01T11:14:59","modified_gmt":"2015-06-01T11:14:59","slug":"valioso-documento-sonoro-de-la-misa-de-gaita","status":"publish","type":"post","link":"https:\/\/fundacionvaldessalas.es\/misadegaita\/valioso-documento-sonoro-de-la-misa-de-gaita\/","title":{"rendered":"Valioso documento sonoro de la Misa de gaita"},"content":{"rendered":"<p>Invitamos a nuestros seguidores a escuchar una muy interesante <em>Misa de gaita<\/em> subida recientemente a esta web. Se trata de una misa que cuenta con las voces del c\u00e9lebre sacerdote don Ram\u00f3n y de Manolo el Ferreiro, acompa\u00f1ados por Leonardo de Ablaneda. Fue grabada en el concejo de Salas hacia 1980. Es una grabaci\u00f3n casera que ha pasado por diversos soportes en estas \u00faltimas d\u00e9cadas, pero en la que se capta el extraordinario nivel de ambos cantores y, no menos, el del gaitero. Carece del \u201cCredo\u201d, lo que no deja de ser una l\u00e1stima, ya que ciertas partes del mismo (como el \u2018Et incarnatus\u2019) resultan maravillosas en la voz de don Ram\u00f3n. En contrapartida, incluye un \u201cDeo gratias\u201d para el final de la misa que es pr\u00e1cticamente un testimonio \u00fanico. Puedes encontrar este documento en la secci\u00f3n de <a title=\"Audios y registros audiovisuales\" href=\"http:\/\/fundacionvaldessalas.es\/misadegaita\/?page_id=213\" target=\"_blank\">Archivo\/Registros audiovisuales<\/a>, donde se muestra m\u00e1s informaci\u00f3n, o bien desde aqu\u00ed:<\/p>\n<iframe width=\"100%\" height=\"150\" scrolling=\"no\" frameborder=\"no\" src=\"https:\/\/w.soundcloud.com\/player?url=https%3A%2F%2Fapi.soundcloud.com%2Ftracks%2F204836597&visual=true&auto_play=false&hide_related=false&show_comments=true&show_user=true&show_reposts=false\"><\/iframe>\n<p>Foto de la entrada: D. Ram\u00f3n, a la derecha, en el Pico Agui\u00f3n.<\/p>\n","protected":false},"excerpt":{"rendered":"<p>Invitamos a nuestros seguidores a escuchar una muy interesante Misa de gaita subida recientemente a esta web. Se trata de una misa que cuenta con las voces del c\u00e9lebre sacerdote don Ram\u00f3n y de Manolo el Ferreiro, acompa\u00f1ados por Leonardo de Ablaneda. Fue grabada en el concejo de Salas hacia 1980. Es una grabaci\u00f3n casera [&hellip;]<\/p>\n","protected":false},"author":1,"featured_media":362,"comment_status":"open","ping_status":"open","sticky":false,"template":"","format":"standard","meta":[],"categories":[3],"tags":[],"_links":{"self":[{"href":"https:\/\/fundacionvaldessalas.es\/misadegaita\/wp-json\/wp\/v2\/posts\/361"}],"collection":[{"href":"https:\/\/fundacionvaldessalas.es\/misadegaita\/wp-json\/wp\/v2\/posts"}],"about":[{"href":"https:\/\/fundacionvaldessalas.es\/misadegaita\/wp-json\/wp\/v2\/types\/post"}],"author":[{"embeddable":true,"href":"https:\/\/fundacionvaldessalas.es\/misadegaita\/wp-json\/wp\/v2\/users\/1"}],"replies":[{"embeddable":true,"href":"https:\/\/fundacionvaldessalas.es\/misadegaita\/wp-json\/wp\/v2\/comments?post=361"}],"version-history":[{"count":3,"href":"https:\/\/fundacionvaldessalas.es\/misadegaita\/wp-json\/wp\/v2\/posts\/361\/revisions"}],"predecessor-version":[{"id":365,"href":"https:\/\/fundacionvaldessalas.es\/misadegaita\/wp-json\/wp\/v2\/posts\/361\/revisions\/365"}],"wp:featuredmedia":[{"embeddable":true,"href":"https:\/\/fundacionvaldessalas.es\/misadegaita\/wp-json\/wp\/v2\/media\/362"}],"wp:attachment":[{"href":"https:\/\/fundacionvaldessalas.es\/misadegaita\/wp-json\/wp\/v2\/media?parent=361"}],"wp:term":[{"taxonomy":"category","embeddable":true,"href":"https:\/\/fundacionvaldessalas.es\/misadegaita\/wp-json\/wp\/v2\/categories?post=361"},{"taxonomy":"post_tag","embeddable":true,"href":"https:\/\/fundacionvaldessalas.es\/misadegaita\/wp-json\/wp\/v2\/tags?post=361"}],"curies":[{"name":"wp","href":"https:\/\/api.w.org\/{rel}","templated":true}]}}