{"id":372,"date":"2015-06-14T18:27:25","date_gmt":"2015-06-14T18:27:25","guid":{"rendered":"http:\/\/fundacionvaldessalas.es\/misadegaita\/?p=372"},"modified":"2022-04-11T18:07:29","modified_gmt":"2022-04-11T18:07:29","slug":"ensayo-con-joaquin-pixan-y-mari-luz-cristobal-para-la-misa-de-los-jeronimos","status":"publish","type":"post","link":"https:\/\/fundacionvaldessalas.es\/misadegaita\/ensayo-con-joaquin-pixan-y-mari-luz-cristobal-para-la-misa-de-los-jeronimos\/","title":{"rendered":"Ensayo con Joaqu\u00edn Pix\u00e1n y Mari Luz Crist\u00f3bal para la Misa de los Jer\u00f3nimos"},"content":{"rendered":"<p><span style=\"color: #ff0000;\"><strong><span style=\"color: #ff0000;\">Actualizaci\u00f3n 01\/09\/2015: Esta Misa se ha aplazado por razones sobrevenidas. Informaremos en esta p\u00e1gina web sobre la nueva fecha.<\/span><\/strong><\/span><\/p>\n<p>El s\u00e1bado, 13 de junio de 2015, tuvo lugar un ensayo del Taller \u201cLolo Cornellana\u201d de la Misa de gaita, bajo la direcci\u00f3n del maestro Joaqu\u00edn Valde\u00f3n. Esta sesi\u00f3n se enmarca dentro de los preparativos para la misa que est\u00e1 previsto celebrar en la madrile\u00f1a iglesia de Los Jer\u00f3nimos el pr\u00f3ximo 20 de septiembre. Tuvo en la pr\u00e1ctica un car\u00e1cter de ensayo general, al contar con los dos solistas que intervendr\u00e1n en la citada eucarist\u00eda, Joaqu\u00edn Pix\u00e1n y Mari Luz Crist\u00f3bal Caunedo. El arzobispo de Madrid, monse\u00f1or don Carlos Osoro, ha confirmado que presidir\u00e1 esta liturgia popular, declarada en 2014 Bien de Inter\u00e9s Cultural.<\/p>\n<div id=\"attachment_373\" style=\"width: 620px\" class=\"wp-caption aligncenter\"><a href=\"http:\/\/fundacionvaldessalas.es\/misadegaita\/wp-content\/uploads\/2015\/06\/Ensayo-Pixan-1.jpg\"><img aria-describedby=\"caption-attachment-373\" loading=\"lazy\" class=\"wp-image-373 size-large\" src=\"http:\/\/fundacionvaldessalas.es\/misadegaita\/wp-content\/uploads\/2015\/06\/Ensayo-Pixan-1-1024x768.jpg\" alt=\"Ensayo Pix\u00e1n 1\" width=\"610\" height=\"458\" srcset=\"https:\/\/fundacionvaldessalas.es\/misadegaita\/wp-content\/uploads\/2015\/06\/Ensayo-Pixan-1-1024x768.jpg 1024w, https:\/\/fundacionvaldessalas.es\/misadegaita\/wp-content\/uploads\/2015\/06\/Ensayo-Pixan-1-300x225.jpg 300w\" sizes=\"(max-width: 610px) 100vw, 610px\" \/><\/a><p id=\"caption-attachment-373\" class=\"wp-caption-text\">Joaqu\u00edn Pix\u00e1n con el gaitero Xaime Men\u00e9ndez durante el ensayo del 13 de junio.<\/p><\/div>\n<div id=\"attachment_374\" style=\"width: 620px\" class=\"wp-caption aligncenter\"><a href=\"http:\/\/fundacionvaldessalas.es\/misadegaita\/wp-content\/uploads\/2015\/06\/Ensayo-Pixan-2.jpg\"><img aria-describedby=\"caption-attachment-374\" loading=\"lazy\" class=\"wp-image-374 size-large\" src=\"http:\/\/fundacionvaldessalas.es\/misadegaita\/wp-content\/uploads\/2015\/06\/Ensayo-Pixan-2-1024x768.jpg\" alt=\"Ensayo Pix\u00e1n 2\" width=\"610\" height=\"458\" srcset=\"https:\/\/fundacionvaldessalas.es\/misadegaita\/wp-content\/uploads\/2015\/06\/Ensayo-Pixan-2-1024x768.jpg 1024w, https:\/\/fundacionvaldessalas.es\/misadegaita\/wp-content\/uploads\/2015\/06\/Ensayo-Pixan-2-300x225.jpg 300w\" sizes=\"(max-width: 610px) 100vw, 610px\" \/><\/a><p id=\"caption-attachment-374\" class=\"wp-caption-text\">Joaqu\u00edn Valde\u00f3n y miembros del Taller durante el ensayo del 13 de junio.<\/p><\/div>\n<p>Fotos de Llori\u00e1n Garc\u00eda Fl\u00f3rez<\/p>\n<p>&nbsp;<\/p>\n","protected":false},"excerpt":{"rendered":"<p>Actualizaci\u00f3n 01\/09\/2015: Esta Misa se ha aplazado por razones sobrevenidas. Informaremos en esta p\u00e1gina web sobre la nueva fecha. El s\u00e1bado, 13 de junio de 2015, tuvo lugar un ensayo del Taller \u201cLolo Cornellana\u201d de la Misa de gaita, bajo la direcci\u00f3n del maestro Joaqu\u00edn Valde\u00f3n. Esta sesi\u00f3n se enmarca dentro de los preparativos para [&hellip;]<\/p>\n","protected":false},"author":1,"featured_media":373,"comment_status":"open","ping_status":"open","sticky":false,"template":"","format":"standard","meta":[],"categories":[7],"tags":[],"_links":{"self":[{"href":"https:\/\/fundacionvaldessalas.es\/misadegaita\/wp-json\/wp\/v2\/posts\/372"}],"collection":[{"href":"https:\/\/fundacionvaldessalas.es\/misadegaita\/wp-json\/wp\/v2\/posts"}],"about":[{"href":"https:\/\/fundacionvaldessalas.es\/misadegaita\/wp-json\/wp\/v2\/types\/post"}],"author":[{"embeddable":true,"href":"https:\/\/fundacionvaldessalas.es\/misadegaita\/wp-json\/wp\/v2\/users\/1"}],"replies":[{"embeddable":true,"href":"https:\/\/fundacionvaldessalas.es\/misadegaita\/wp-json\/wp\/v2\/comments?post=372"}],"version-history":[{"count":3,"href":"https:\/\/fundacionvaldessalas.es\/misadegaita\/wp-json\/wp\/v2\/posts\/372\/revisions"}],"predecessor-version":[{"id":404,"href":"https:\/\/fundacionvaldessalas.es\/misadegaita\/wp-json\/wp\/v2\/posts\/372\/revisions\/404"}],"wp:featuredmedia":[{"embeddable":true,"href":"https:\/\/fundacionvaldessalas.es\/misadegaita\/wp-json\/wp\/v2\/media\/373"}],"wp:attachment":[{"href":"https:\/\/fundacionvaldessalas.es\/misadegaita\/wp-json\/wp\/v2\/media?parent=372"}],"wp:term":[{"taxonomy":"category","embeddable":true,"href":"https:\/\/fundacionvaldessalas.es\/misadegaita\/wp-json\/wp\/v2\/categories?post=372"},{"taxonomy":"post_tag","embeddable":true,"href":"https:\/\/fundacionvaldessalas.es\/misadegaita\/wp-json\/wp\/v2\/tags?post=372"}],"curies":[{"name":"wp","href":"https:\/\/api.w.org\/{rel}","templated":true}]}}