{"id":413,"date":"2015-09-13T17:06:48","date_gmt":"2015-09-13T17:06:48","guid":{"rendered":"http:\/\/fundacionvaldessalas.es\/misadegaita\/?p=413"},"modified":"2022-04-11T18:06:35","modified_gmt":"2022-04-11T18:06:35","slug":"la-misa-de-gaita-abre-un-encuentro-universitario","status":"publish","type":"post","link":"https:\/\/fundacionvaldessalas.es\/misadegaita\/la-misa-de-gaita-abre-un-encuentro-universitario\/","title":{"rendered":"La Misa de gaita abre un encuentro universitario"},"content":{"rendered":"<p><strong>\u00c1ngel Medina.<\/strong><\/p>\n<p>El jueves, 10 de septiembre de 2015, tuvo lugar la primera de las tres jornadas de estudio dedicadas a la transferencia del conocimiento en Musicolog\u00eda. Este <em>Workshop<\/em> estuvo magn\u00edficamente coordinado por la profesora Celsa Alonso, directora del Grupo Diapente XXI. Imposible describir m\u00ednimamente los interesantes contenidos del evento. Lo que cabe decir en esta <em>web<\/em> es que la sesi\u00f3n inaugural estuvo \u00edntegramente dedicada a la <em>Misa de gaita<\/em>, primero con una ponencia de quien esto escribe y despu\u00e9s con una audici\u00f3n en vivo a cargo del Taller \u2018Lolo Cornellana\u2019 de la Misa de Gaita.<\/p>\n<p>Creo que es de justicia dejar constancia de la excelente acogida de esta actuaci\u00f3n. Y m\u00e1s cuando el p\u00fablico de la misma estaba constituido precisamente por los propios congresistas. As\u00ed, entre los ponentes hab\u00eda no pocos nombres de prestigio internacional, como los catedr\u00e1ticos Juan Pablo Gonz\u00e1lez (Chile) o Carlos Villanueva (Santiago de Compostela), la semi\u00f3loga Heloisa de Araujo Duarte Valente (Brasil), la reconocida etnomusic\u00f3loga Marita Fornaro (Uruguay) o el profesor Edgardo Jos\u00e9 Rodr\u00edguez (Argentina). No faltaron entre los participantes activos destacados music\u00f3logos y profesores espa\u00f1oles como Julio Arce (Madrid), Itziar Larrinaga (Pa\u00eds Vasco), Teresa Fraile (Extremadura) y los propios integrantes del Grupo, profesores, becarios, reci\u00e9n doctorados (o en curso) de la Universidad de Oviedo, como Marcela Gonz\u00e1lez, Julio Ogas, Eduardo Vi\u00f1uela, Laura Miranda, Diana D\u00edaz, Daniel Moro, Mirian Manche\u00f1o, Diego G. Peinazo y Olga P\u00e9rez-Caballero. La pena fue que el celeb\u00e9rrimo Phillip Tagg (Reino Unido), invitado especial, no pudo estar en esa sesi\u00f3n. Sin olvidarnos del pu\u00f1ado de j\u00f3venes music\u00f3logos con inquietudes, a\u00fan estudiantes de Ciencias de la M\u00fasica, que se hab\u00edan inscrito en estas jornadas de trabajo.<\/p>\n<div id=\"attachment_414\" style=\"width: 620px\" class=\"wp-caption aligncenter\"><a href=\"http:\/\/fundacionvaldessalas.es\/misadegaita\/wp-content\/uploads\/2015\/09\/IMG_20150910_195828.jpg\"><img aria-describedby=\"caption-attachment-414\" loading=\"lazy\" class=\"wp-image-414 size-large\" src=\"http:\/\/fundacionvaldessalas.es\/misadegaita\/wp-content\/uploads\/2015\/09\/IMG_20150910_195828-1024x768.jpg\" alt=\"IMG_20150910_195828\" width=\"610\" height=\"458\" srcset=\"https:\/\/fundacionvaldessalas.es\/misadegaita\/wp-content\/uploads\/2015\/09\/IMG_20150910_195828-1024x768.jpg 1024w, https:\/\/fundacionvaldessalas.es\/misadegaita\/wp-content\/uploads\/2015\/09\/IMG_20150910_195828-300x225.jpg 300w\" sizes=\"(max-width: 610px) 100vw, 610px\" \/><\/a><p id=\"caption-attachment-414\" class=\"wp-caption-text\">Miembros del Taller Lolo Cornellana durante la actuaci\u00f3n<\/p><\/div>\n<p>La audici\u00f3n arranc\u00f3 con un s\u00f3lido \u201cKyrie\u201d, a cargo del grupo coral. Xaime Men\u00e9ndez interpret\u00f3 luego una interesante Marcha procesional\u201d para acompa\u00f1ar acto seguido a Pepe\u00b4l Mol\u00edn (con varias d\u00e9cadas de cantor de la Misa a sus espaldas), el cual desgran\u00f3 un \u201cSanctus\u201d con ese poder\u00edo que a\u00fan conserva a sus no pocos a\u00f1os. Un ejemplo ilustrativo de ciertas particularidades del \u201cCredo corrido\u201d precedi\u00f3 a la interpretaci\u00f3n, por parte de Llori\u00e1n Garc\u00eda Fl\u00f3rez, de la fascinante, elegiaca y conmovedora \u201cMarcha de Ant\u00f3n\u201d. La emoci\u00f3n se palpaba. Y para concluir, el \u201cGloria\u201d, con la habitual alternancia entre solista y coro; claro que en este caso con una solista de lujo. Pudimos constatar lo mucho que gust\u00f3 y emocion\u00f3 la voz de la gran cantante Mari Luz Crist\u00f3bal Caunedo, con su sonoridad tel\u00farica, su fraseo relajado e impecable, solemne en grado sumo. Y lo mucho que se valor\u00f3 el trabajo del Taller en su conjunto \u2014como proyecto en marcha\u2014 y el de todos sus miembros, comandados siempre por la precisa direcci\u00f3n del maestro Joaqu\u00edn Valde\u00f3n, director del Coro Universitario.<\/p>\n<div id=\"attachment_415\" style=\"width: 620px\" class=\"wp-caption aligncenter\"><a href=\"http:\/\/fundacionvaldessalas.es\/misadegaita\/wp-content\/uploads\/2015\/09\/IMG_20150910_200241.jpg\"><img aria-describedby=\"caption-attachment-415\" loading=\"lazy\" class=\"wp-image-415 size-large\" src=\"http:\/\/fundacionvaldessalas.es\/misadegaita\/wp-content\/uploads\/2015\/09\/IMG_20150910_200241-1024x768.jpg\" alt=\"IMG_20150910_200241\" width=\"610\" height=\"458\" srcset=\"https:\/\/fundacionvaldessalas.es\/misadegaita\/wp-content\/uploads\/2015\/09\/IMG_20150910_200241-1024x768.jpg 1024w, https:\/\/fundacionvaldessalas.es\/misadegaita\/wp-content\/uploads\/2015\/09\/IMG_20150910_200241-300x225.jpg 300w\" sizes=\"(max-width: 610px) 100vw, 610px\" \/><\/a><p id=\"caption-attachment-415\" class=\"wp-caption-text\">Mari Luz y Llori\u00e1n<\/p><\/div>\n<p>Hermosa e inolvidable sesi\u00f3n, pues, que cont\u00f3 con la colaboraci\u00f3n desinteresada de todos los citados y con el \u00e1nimo de la Fundaci\u00f3n y del Aula Vald\u00e9s-Salas.<\/p>\n","protected":false},"excerpt":{"rendered":"<p>\u00c1ngel Medina. El jueves, 10 de septiembre de 2015, tuvo lugar la primera de las tres jornadas de estudio dedicadas a la transferencia del conocimiento en Musicolog\u00eda. Este Workshop estuvo magn\u00edficamente coordinado por la profesora Celsa Alonso, directora del Grupo Diapente XXI. Imposible describir m\u00ednimamente los interesantes contenidos del evento. Lo que cabe decir en [&hellip;]<\/p>\n","protected":false},"author":2,"featured_media":420,"comment_status":"open","ping_status":"open","sticky":false,"template":"","format":"standard","meta":[],"categories":[6,7],"tags":[],"_links":{"self":[{"href":"https:\/\/fundacionvaldessalas.es\/misadegaita\/wp-json\/wp\/v2\/posts\/413"}],"collection":[{"href":"https:\/\/fundacionvaldessalas.es\/misadegaita\/wp-json\/wp\/v2\/posts"}],"about":[{"href":"https:\/\/fundacionvaldessalas.es\/misadegaita\/wp-json\/wp\/v2\/types\/post"}],"author":[{"embeddable":true,"href":"https:\/\/fundacionvaldessalas.es\/misadegaita\/wp-json\/wp\/v2\/users\/2"}],"replies":[{"embeddable":true,"href":"https:\/\/fundacionvaldessalas.es\/misadegaita\/wp-json\/wp\/v2\/comments?post=413"}],"version-history":[{"count":2,"href":"https:\/\/fundacionvaldessalas.es\/misadegaita\/wp-json\/wp\/v2\/posts\/413\/revisions"}],"predecessor-version":[{"id":421,"href":"https:\/\/fundacionvaldessalas.es\/misadegaita\/wp-json\/wp\/v2\/posts\/413\/revisions\/421"}],"wp:featuredmedia":[{"embeddable":true,"href":"https:\/\/fundacionvaldessalas.es\/misadegaita\/wp-json\/wp\/v2\/media\/420"}],"wp:attachment":[{"href":"https:\/\/fundacionvaldessalas.es\/misadegaita\/wp-json\/wp\/v2\/media?parent=413"}],"wp:term":[{"taxonomy":"category","embeddable":true,"href":"https:\/\/fundacionvaldessalas.es\/misadegaita\/wp-json\/wp\/v2\/categories?post=413"},{"taxonomy":"post_tag","embeddable":true,"href":"https:\/\/fundacionvaldessalas.es\/misadegaita\/wp-json\/wp\/v2\/tags?post=413"}],"curies":[{"name":"wp","href":"https:\/\/api.w.org\/{rel}","templated":true}]}}