{"id":424,"date":"2015-10-09T14:57:39","date_gmt":"2015-10-09T14:57:39","guid":{"rendered":"http:\/\/fundacionvaldessalas.es\/misadegaita\/?p=424"},"modified":"2015-10-09T14:57:39","modified_gmt":"2015-10-09T14:57:39","slug":"antonio-cea-gutierrez-adios-a-un-historico-de-la-misa-de-gaita","status":"publish","type":"post","link":"https:\/\/fundacionvaldessalas.es\/misadegaita\/antonio-cea-gutierrez-adios-a-un-historico-de-la-misa-de-gaita\/","title":{"rendered":"Antonio Cea Guti\u00e9rrez: Adi\u00f3s a un hist\u00f3rico de la Misa de gaita"},"content":{"rendered":"<p>El mi\u00e9rcoles, 7 de octubre de 2015, falleci\u00f3 don Antonio Cea Guti\u00e9rrez a la edad de 99 a\u00f1os. Concurr\u00edan en \u00e9l muy diversos m\u00e9ritos, como persona y como m\u00fasico, que en buena medida ya han sido glosados en las informaciones y necrol\u00f3gicas publicadas a ra\u00edz del deceso.<\/p>\n<p>Desde esta <em>web<\/em> dedicada a la <em>Misa asturiana de gaita<\/em> hacemos llegar el p\u00e9same a la familia del maestro Cea, as\u00ed como a sus amigos y a las agrupaciones musicales en las que participaba o que dirig\u00eda desde muchos lustros atr\u00e1s.<\/p>\n<p>Si nos ce\u00f1imos a la <em>Misa de gaita<\/em> s\u00f3lo cabe decir que su aportaci\u00f3n puede considerarse \u00fanica. Ello es as\u00ed por varias razones. La primera, porque se encarg\u00f3 de dirigirla en determinadas festividades de Parres y La Pereda durante m\u00e1s de medio siglo; much\u00edsimos de esos a\u00f1os, por cierto, con el concurso del extraordinario gaitero Ignacio Noriega. La segunda, porque la grab\u00f3 en 1978 al frente del Cuarteto Cea, en un imprescindible vinilo, hoy considerado hist\u00f3rico. La tercera, en fin, porque todo este trabajo y el mimo con que lo llev\u00f3 a cabo han determinado que la tradici\u00f3n de la <em>Misa de gaita<\/em> sea en esta zona del oriente asturiano absolutamente mod\u00e9lica. Lo es por lo completo de la misma (se sigue cantando el \u201cCredo\u201d y la doxolog\u00eda menor o \u201cGloria Patri\u201d del comienzo, entre otros detalles) y por el cuidado en la conjunci\u00f3n de las voces de los cantores, bien fundidas incluso en los adornos de las melod\u00edas.<\/p>\n<p>Descanse en paz, maestro.<\/p>\n<p>Foto de la portada: Antonio Cea al frente del Coro de Parres. Festividad de Santa Marina, 18 de julio 2014. Foto Joaqu\u00edn Valde\u00f3n.<\/p>\n","protected":false},"excerpt":{"rendered":"<p>El mi\u00e9rcoles, 7 de octubre de 2015, falleci\u00f3 don Antonio Cea Guti\u00e9rrez a la edad de 99 a\u00f1os. Concurr\u00edan en \u00e9l muy diversos m\u00e9ritos, como persona y como m\u00fasico, que en buena medida ya han sido glosados en las informaciones y necrol\u00f3gicas publicadas a ra\u00edz del deceso. Desde esta web dedicada a la Misa asturiana [&hellip;]<\/p>\n","protected":false},"author":1,"featured_media":425,"comment_status":"open","ping_status":"open","sticky":false,"template":"","format":"standard","meta":[],"categories":[3],"tags":[],"_links":{"self":[{"href":"https:\/\/fundacionvaldessalas.es\/misadegaita\/wp-json\/wp\/v2\/posts\/424"}],"collection":[{"href":"https:\/\/fundacionvaldessalas.es\/misadegaita\/wp-json\/wp\/v2\/posts"}],"about":[{"href":"https:\/\/fundacionvaldessalas.es\/misadegaita\/wp-json\/wp\/v2\/types\/post"}],"author":[{"embeddable":true,"href":"https:\/\/fundacionvaldessalas.es\/misadegaita\/wp-json\/wp\/v2\/users\/1"}],"replies":[{"embeddable":true,"href":"https:\/\/fundacionvaldessalas.es\/misadegaita\/wp-json\/wp\/v2\/comments?post=424"}],"version-history":[{"count":2,"href":"https:\/\/fundacionvaldessalas.es\/misadegaita\/wp-json\/wp\/v2\/posts\/424\/revisions"}],"predecessor-version":[{"id":427,"href":"https:\/\/fundacionvaldessalas.es\/misadegaita\/wp-json\/wp\/v2\/posts\/424\/revisions\/427"}],"wp:featuredmedia":[{"embeddable":true,"href":"https:\/\/fundacionvaldessalas.es\/misadegaita\/wp-json\/wp\/v2\/media\/425"}],"wp:attachment":[{"href":"https:\/\/fundacionvaldessalas.es\/misadegaita\/wp-json\/wp\/v2\/media?parent=424"}],"wp:term":[{"taxonomy":"category","embeddable":true,"href":"https:\/\/fundacionvaldessalas.es\/misadegaita\/wp-json\/wp\/v2\/categories?post=424"},{"taxonomy":"post_tag","embeddable":true,"href":"https:\/\/fundacionvaldessalas.es\/misadegaita\/wp-json\/wp\/v2\/tags?post=424"}],"curies":[{"name":"wp","href":"https:\/\/api.w.org\/{rel}","templated":true}]}}