{"id":430,"date":"2016-01-12T19:07:41","date_gmt":"2016-01-12T19:07:41","guid":{"rendered":"http:\/\/fundacionvaldessalas.es\/misadegaita\/?p=430"},"modified":"2016-01-13T15:08:26","modified_gmt":"2016-01-13T15:08:26","slug":"algunos-datos-de-interes-sobre-este-sitio-web-durante-2015","status":"publish","type":"post","link":"https:\/\/fundacionvaldessalas.es\/misadegaita\/algunos-datos-de-interes-sobre-este-sitio-web-durante-2015\/","title":{"rendered":"Algunos datos de inter\u00e9s sobre este sitio web durante 2015"},"content":{"rendered":"<p>Al acabar 2015, la herramienta con la que construimos este sitio web nos mostr\u00f3 un informe con algunos de los datos o momentos m\u00e1s importantes que vivimos desde que lo lanzamos a finales de marzo. Por eso, hemos decidido crear esta entrada con el fin de que pod\u00e1is conocer cu\u00e1les han sido esos datos y de paso incluir algunos otros m\u00e1s que no estaban en el informe pero que consideramos interesantes.<\/p>\n<p>El sitio web tuvo alrededor de 4000 visitas desde su inicio. Generalmente observamos mayor actividad en los d\u00edas cercanos a entradas o eventos relacionados con la Misa de gaita. El 16 de Abril registramos cerca de 200 visitas, el r\u00e9cord de la p\u00e1gina. El art\u00edculo m\u00e1s visitado de ese d\u00eda fue \u201cLiturgia de inter\u00e9s cultural\u201d en el que se hablaba sobre la Misa de gaita celebrada en la iglesia de San Pedro de Gij\u00f3n. Adem\u00e1s, se inclu\u00edan extractos de un art\u00edculo de <em>La Nueva Espa\u00f1a<\/em> con palabras muy elogiosas sobre aquella liturgia.<\/p>\n<p>Durante el a\u00f1o, publicamos 22 entradas, divididas en tres categor\u00edas: noticias, im\u00e1genes y art\u00edculos. El top 3 de las entradas m\u00e1s populares es el siguiente:<\/p>\n<p>1 &#8211; <a href=\"http:\/\/fundacionvaldessalas.es\/misadegaita\/?p=424\">Antonio Cea Guti\u00e9rrez: Adi\u00f3s a un hist\u00f3rico de la Misa de gaita<\/a><\/p>\n<p>2 &#8211; <a href=\"http:\/\/fundacionvaldessalas.es\/misadegaita\/?p=322\">Misa de gaita en Santo Tom\u00e1s de Canterbury (Avil\u00e9s)<\/a><\/p>\n<p>3 &#8211; <a href=\"http:\/\/fundacionvaldessalas.es\/misadegaita\/?p=361\">Valioso documento sonoro de la Misa de gaita<\/a><\/p>\n<p>Los sitios habituales desde donde se encontr\u00f3 misadegaita.com han sido Facebook, Twitter, la p\u00e1gina de la Fundaci\u00f3n Vald\u00e9s-Salas, la p\u00e1gina del Aula Vald\u00e9s-Salas y la p\u00e1gina web del Hotel Principado.<\/p>\n<p>Hemos tenido visitas de 41 pa\u00edses. Los m\u00e1s frecuentes son Espa\u00f1a, Estados Unidos y Brasil. Tenemos visitas de pa\u00edses <em><i>a priori<\/i><\/em> inesperados, como la India, Ghana, Angola o Noruega. No deja de sorprendernos el poder de internet para hacer llegar la informaci\u00f3n a lugares que de otra forma ser\u00edan inaccesibles.<\/p>\n<p>Finalmente, un dato que nos ha llamado mucho la atenci\u00f3n ha sido el inter\u00e9s mostrado en Facebook. En el momento de escribir esta entrada, sumamos m\u00e1s de 200 amigos. Hemos observado una mayor presencia de gente de Asturias y Galicia, pero tambi\u00e9n tenemos amigos de lugares m\u00e1s lejanos como lo son algunos pa\u00edses de Am\u00e9rica Latina.<\/p>\n<p>Queremos agradecer la buena acogida que ha tenido misadegaita.com durante 2015 e intentaremos ofrecer m\u00e1s contenidos de vuestro agrado en 2016. Como sab\u00e9is, hay importantes eventos y citas para este nuevo a\u00f1o relacionadas con la Misa de gaita de los que os informaremos en este sitio web pr\u00f3ximamente.<\/p>\n","protected":false},"excerpt":{"rendered":"<p>Al acabar 2015, la herramienta con la que construimos este sitio web nos mostr\u00f3 un informe con algunos de los datos o momentos m\u00e1s importantes que vivimos desde que lo lanzamos a finales de marzo. Por eso, hemos decidido crear esta entrada con el fin de que pod\u00e1is conocer cu\u00e1les han sido esos datos y [&hellip;]<\/p>\n","protected":false},"author":3,"featured_media":432,"comment_status":"open","ping_status":"open","sticky":false,"template":"","format":"standard","meta":[],"categories":[6],"tags":[],"_links":{"self":[{"href":"https:\/\/fundacionvaldessalas.es\/misadegaita\/wp-json\/wp\/v2\/posts\/430"}],"collection":[{"href":"https:\/\/fundacionvaldessalas.es\/misadegaita\/wp-json\/wp\/v2\/posts"}],"about":[{"href":"https:\/\/fundacionvaldessalas.es\/misadegaita\/wp-json\/wp\/v2\/types\/post"}],"author":[{"embeddable":true,"href":"https:\/\/fundacionvaldessalas.es\/misadegaita\/wp-json\/wp\/v2\/users\/3"}],"replies":[{"embeddable":true,"href":"https:\/\/fundacionvaldessalas.es\/misadegaita\/wp-json\/wp\/v2\/comments?post=430"}],"version-history":[{"count":5,"href":"https:\/\/fundacionvaldessalas.es\/misadegaita\/wp-json\/wp\/v2\/posts\/430\/revisions"}],"predecessor-version":[{"id":436,"href":"https:\/\/fundacionvaldessalas.es\/misadegaita\/wp-json\/wp\/v2\/posts\/430\/revisions\/436"}],"wp:featuredmedia":[{"embeddable":true,"href":"https:\/\/fundacionvaldessalas.es\/misadegaita\/wp-json\/wp\/v2\/media\/432"}],"wp:attachment":[{"href":"https:\/\/fundacionvaldessalas.es\/misadegaita\/wp-json\/wp\/v2\/media?parent=430"}],"wp:term":[{"taxonomy":"category","embeddable":true,"href":"https:\/\/fundacionvaldessalas.es\/misadegaita\/wp-json\/wp\/v2\/categories?post=430"},{"taxonomy":"post_tag","embeddable":true,"href":"https:\/\/fundacionvaldessalas.es\/misadegaita\/wp-json\/wp\/v2\/tags?post=430"}],"curies":[{"name":"wp","href":"https:\/\/api.w.org\/{rel}","templated":true}]}}