{"id":465,"date":"2016-03-05T16:37:56","date_gmt":"2016-03-05T16:37:56","guid":{"rendered":"http:\/\/fundacionvaldessalas.es\/misadegaita\/?p=465"},"modified":"2016-03-05T16:37:56","modified_gmt":"2016-03-05T16:37:56","slug":"hacia-una-galeria-de-interpretes-de-la-misa-de-gaita","status":"publish","type":"post","link":"https:\/\/fundacionvaldessalas.es\/misadegaita\/hacia-una-galeria-de-interpretes-de-la-misa-de-gaita\/","title":{"rendered":"Hacia una Galer\u00eda de int\u00e9rpretes de la Misa de gaita"},"content":{"rendered":"<p>Desde la creaci\u00f3n de esta p\u00e1gina web tenemos reservado un lugar para cuenta de los int\u00e9rpretes de la Misa de gaita. Es cierto que de algunos de ellos ya hemos tenido la oportunidad de hablar, incluso con cierto detalle, como es el caso del recordado Lolo Cornellana.<\/p>\n<p>Estas l\u00edneas son un llamamiento para que cualquier seguidor de esta web que disponga de informaci\u00f3n sobre los int\u00e9rpretes de la Misa de gaita, tanto actuales como de tiempos pret\u00e9ritos,<\/p>\n<p>&nbsp;<\/p>\n","protected":false},"excerpt":{"rendered":"<p>Desde la creaci\u00f3n de esta p\u00e1gina web tenemos reservado un lugar para cuenta de los int\u00e9rpretes de la Misa de gaita. Es cierto que de algunos de ellos ya hemos tenido la oportunidad de hablar, incluso con cierto detalle, como es el caso del recordado Lolo Cornellana. Estas l\u00edneas son un llamamiento para que cualquier [&hellip;]<\/p>\n","protected":false},"author":1,"featured_media":466,"comment_status":"open","ping_status":"open","sticky":false,"template":"","format":"standard","meta":[],"categories":[3],"tags":[],"_links":{"self":[{"href":"https:\/\/fundacionvaldessalas.es\/misadegaita\/wp-json\/wp\/v2\/posts\/465"}],"collection":[{"href":"https:\/\/fundacionvaldessalas.es\/misadegaita\/wp-json\/wp\/v2\/posts"}],"about":[{"href":"https:\/\/fundacionvaldessalas.es\/misadegaita\/wp-json\/wp\/v2\/types\/post"}],"author":[{"embeddable":true,"href":"https:\/\/fundacionvaldessalas.es\/misadegaita\/wp-json\/wp\/v2\/users\/1"}],"replies":[{"embeddable":true,"href":"https:\/\/fundacionvaldessalas.es\/misadegaita\/wp-json\/wp\/v2\/comments?post=465"}],"version-history":[{"count":1,"href":"https:\/\/fundacionvaldessalas.es\/misadegaita\/wp-json\/wp\/v2\/posts\/465\/revisions"}],"predecessor-version":[{"id":467,"href":"https:\/\/fundacionvaldessalas.es\/misadegaita\/wp-json\/wp\/v2\/posts\/465\/revisions\/467"}],"wp:featuredmedia":[{"embeddable":true,"href":"https:\/\/fundacionvaldessalas.es\/misadegaita\/wp-json\/wp\/v2\/media\/466"}],"wp:attachment":[{"href":"https:\/\/fundacionvaldessalas.es\/misadegaita\/wp-json\/wp\/v2\/media?parent=465"}],"wp:term":[{"taxonomy":"category","embeddable":true,"href":"https:\/\/fundacionvaldessalas.es\/misadegaita\/wp-json\/wp\/v2\/categories?post=465"},{"taxonomy":"post_tag","embeddable":true,"href":"https:\/\/fundacionvaldessalas.es\/misadegaita\/wp-json\/wp\/v2\/tags?post=465"}],"curies":[{"name":"wp","href":"https:\/\/api.w.org\/{rel}","templated":true}]}}