{"id":477,"date":"2016-03-18T10:03:46","date_gmt":"2016-03-18T10:03:46","guid":{"rendered":"http:\/\/fundacionvaldessalas.es\/misadegaita\/?p=477"},"modified":"2016-03-18T10:59:51","modified_gmt":"2016-03-18T10:59:51","slug":"la-misa-de-gaita-enciende-los-jeronimos","status":"publish","type":"post","link":"https:\/\/fundacionvaldessalas.es\/misadegaita\/la-misa-de-gaita-enciende-los-jeronimos\/","title":{"rendered":"La \u00abMisa de gaita\u00bb enciende los Jer\u00f3nimos"},"content":{"rendered":"<p><strong><b>La Fundaci\u00f3n Vald\u00e9s-Salas inici\u00f3 en Madrid una gira para promocionar la candidatura de la obra como patrimonio de la Unesco.<\/b><\/strong><\/p>\n<p><strong><b>Texto y Fotos de Luc\u00eda RODR\u00cdGUEZ. Publicado en <em><i>La Nueva Espa\u00f1a<\/i><\/em>, 14 de marzo de 2016. <\/b><\/strong><\/p>\n<hr \/>\n<p><strong><b>\u00a0<\/b><\/strong>Una abarrotada iglesia de los Jer\u00f3nimos dio ayer la bienvenida a la \u00abMisa asturiana de gaita \u00bb en Madrid. En la ceremonia sabatina de las siete de la tarde se presentaba esta tradici\u00f3n lit\u00fargico-musical de la mano de la Fundaci\u00f3n Vald\u00e9s-Salas, que cont\u00f3 con la participaci\u00f3n del tenor\u00a0<strong>Joaqu\u00edn Pix\u00e1n<\/strong>\u00a0y de la cantante\u00a0<strong>Mari Luz Crist\u00f3bal Caunedo<\/strong>, acompa\u00f1ados de los cantores del taller \u00abLolo Cornellana\u00bb. A la gaita, aut\u00e9ntica protagonista del d\u00eda,\u00a0<strong>Llori\u00e1n Garc\u00eda Fl\u00f3rez<\/strong>\u00a0y\u00a0<strong>Xaime Men\u00e9ndez<\/strong>. Y todos ellos bajo la direcci\u00f3n de\u00a0<strong>Joaqu\u00edn Valde\u00f3n<\/strong>.<\/p>\n<div id=\"attachment_479\" style=\"width: 620px\" class=\"wp-caption aligncenter\"><a href=\"http:\/\/fundacionvaldessalas.es\/misadegaita\/wp-content\/uploads\/2016\/03\/Joaquin-Pixan-copia.jpg\" rel=\"attachment wp-att-479\"><img aria-describedby=\"caption-attachment-479\" loading=\"lazy\" class=\"wp-image-479 size-large\" src=\"http:\/\/fundacionvaldessalas.es\/misadegaita\/wp-content\/uploads\/2016\/03\/Joaquin-Pixan-copia-1024x683.jpg\" alt=\"Joaqu\u00edn Pix\u00e1n copia\" width=\"610\" height=\"407\" srcset=\"https:\/\/fundacionvaldessalas.es\/misadegaita\/wp-content\/uploads\/2016\/03\/Joaquin-Pixan-copia-1024x683.jpg 1024w, https:\/\/fundacionvaldessalas.es\/misadegaita\/wp-content\/uploads\/2016\/03\/Joaquin-Pixan-copia-300x200.jpg 300w, https:\/\/fundacionvaldessalas.es\/misadegaita\/wp-content\/uploads\/2016\/03\/Joaquin-Pixan-copia-768x512.jpg 768w\" sizes=\"(max-width: 610px) 100vw, 610px\" \/><\/a><p id=\"caption-attachment-479\" class=\"wp-caption-text\">El tenor Joaqu\u00edn Pix\u00e1n, solista en la Misa de gaita celebrada en la iglesia de Los Jer\u00f3nimos de Madrid (12 de marzo de 2016). \u00a9 Luc\u00eda Rodr\u00edguez.<\/p><\/div>\n<p>En la ceremonia, oficiada por el obispo auxiliar de Madrid,\u00a0<strong>Juan Antonio Mart\u00ednez Camino<\/strong>, no falt\u00f3 la menci\u00f3n a las parroquias rurales, lugar natural de la misa de gaita, donde se ha ido conservando y transmitiendo esta tradici\u00f3n.<\/p>\n<p>La m\u00fasica contagi\u00f3 a todos los presentes, al igual que lo hiciera en 2013 en la Catedral de Oviedo. Aunque muchas cosas han cambiado desde entonces. La \u00abMisa de gaita\u00bb goza desde el a\u00f1o 2014 de la condici\u00f3n de bien de inter\u00e9s cultural (BIC). Una declaraci\u00f3n que junto a la labor realizada por la Fundaci\u00f3n Vald\u00e9s-Salas y personalidades, como el catedr\u00e1tico de Musicolog\u00eda de la Universidad de Oviedo\u00a0<strong>\u00c1ngel Medina<\/strong>, ha dado el primer gran paso para rescatarla del peligro del olvido.<\/p>\n<div id=\"attachment_478\" style=\"width: 620px\" class=\"wp-caption aligncenter\"><a href=\"http:\/\/fundacionvaldessalas.es\/misadegaita\/wp-content\/uploads\/2016\/03\/participantes-falta-Pixan-copia.jpg\" rel=\"attachment wp-att-478\"><img aria-describedby=\"caption-attachment-478\" loading=\"lazy\" class=\"wp-image-478 size-large\" src=\"http:\/\/fundacionvaldessalas.es\/misadegaita\/wp-content\/uploads\/2016\/03\/participantes-falta-Pixan-copia-1024x683.jpg\" alt=\"participantes (falta Pix\u00e1n) copia\" width=\"610\" height=\"407\" srcset=\"https:\/\/fundacionvaldessalas.es\/misadegaita\/wp-content\/uploads\/2016\/03\/participantes-falta-Pixan-copia-1024x683.jpg 1024w, https:\/\/fundacionvaldessalas.es\/misadegaita\/wp-content\/uploads\/2016\/03\/participantes-falta-Pixan-copia-300x200.jpg 300w, https:\/\/fundacionvaldessalas.es\/misadegaita\/wp-content\/uploads\/2016\/03\/participantes-falta-Pixan-copia-768x512.jpg 768w\" sizes=\"(max-width: 610px) 100vw, 610px\" \/><\/a><p id=\"caption-attachment-478\" class=\"wp-caption-text\">Cantores, director, gaiteros y la solista Mari Luz Crist\u00f3bal Caunedo en la Misa de gaita celebrada en la iglesia de Los Jer\u00f3nimos de Madrid (12 de marzo de 2016). \u00a9 Luc\u00eda Rodr\u00edguez.<\/p><\/div>\n<p>Los diferentes cantos en lat\u00edn, acompa\u00f1ados por la gaita agrandada por la especial ac\u00fastica de la iglesia madrile\u00f1a de los Jer\u00f3nimos, se sucedieron a trav\u00e9s de un ritual musical que dej\u00f3 esta vez en el tintero el famoso \u00abGloria\u00bb debido a que estamos en tiempo de Cuaresma.<\/p>\n<p>A lo que asistieron ayer los privilegiados espectadores y fieles fue a una misa popular con \u00abmezcla musical entre el canto llano eclesi\u00e1stico, el gregoriano y con giros y ornamentos propios de la gaita\u00bb, tal como se explic\u00f3 durante la liturgia.<\/p>\n<p>La \u00abMisa de gaita\u00bb sonar\u00e1 m\u00e1s veces pr\u00f3ximamente, como promoci\u00f3n a su candidatura como patrimonio inmaterial de la Unesco.<\/p>\n<p>Su paso por Madrid, pues, s\u00f3lo es el principio para que la \u00abMisa de gaita\u00bb siga traspasando fronteras y recibe en el futuro inmediato un reconocimiento m\u00e1s global para alcanzar la mayor condici\u00f3n patrimonial a la que se puede aspirar en el mundo.<\/p>\n<p><a href=\"http:\/\/www.lne.es\/vida-y-estilo\/gente\/2016\/03\/14\/misa-gaita-enciende-jeronimos\/1896692.html\">Enlace a <em>La Nueva Espa\u00f1a<\/em><\/a><\/p>\n<p>&nbsp;<\/p>\n","protected":false},"excerpt":{"rendered":"<p>La Fundaci\u00f3n Vald\u00e9s-Salas inici\u00f3 en Madrid una gira para promocionar la candidatura de la obra como patrimonio de la Unesco. Texto y Fotos de Luc\u00eda RODR\u00cdGUEZ. Publicado en La Nueva Espa\u00f1a, 14 de marzo de 2016. \u00a0Una abarrotada iglesia de los Jer\u00f3nimos dio ayer la bienvenida a la \u00abMisa asturiana de gaita \u00bb en Madrid. [&hellip;]<\/p>\n","protected":false},"author":5,"featured_media":478,"comment_status":"open","ping_status":"open","sticky":false,"template":"","format":"standard","meta":[],"categories":[6],"tags":[],"_links":{"self":[{"href":"https:\/\/fundacionvaldessalas.es\/misadegaita\/wp-json\/wp\/v2\/posts\/477"}],"collection":[{"href":"https:\/\/fundacionvaldessalas.es\/misadegaita\/wp-json\/wp\/v2\/posts"}],"about":[{"href":"https:\/\/fundacionvaldessalas.es\/misadegaita\/wp-json\/wp\/v2\/types\/post"}],"author":[{"embeddable":true,"href":"https:\/\/fundacionvaldessalas.es\/misadegaita\/wp-json\/wp\/v2\/users\/5"}],"replies":[{"embeddable":true,"href":"https:\/\/fundacionvaldessalas.es\/misadegaita\/wp-json\/wp\/v2\/comments?post=477"}],"version-history":[{"count":11,"href":"https:\/\/fundacionvaldessalas.es\/misadegaita\/wp-json\/wp\/v2\/posts\/477\/revisions"}],"predecessor-version":[{"id":499,"href":"https:\/\/fundacionvaldessalas.es\/misadegaita\/wp-json\/wp\/v2\/posts\/477\/revisions\/499"}],"wp:featuredmedia":[{"embeddable":true,"href":"https:\/\/fundacionvaldessalas.es\/misadegaita\/wp-json\/wp\/v2\/media\/478"}],"wp:attachment":[{"href":"https:\/\/fundacionvaldessalas.es\/misadegaita\/wp-json\/wp\/v2\/media?parent=477"}],"wp:term":[{"taxonomy":"category","embeddable":true,"href":"https:\/\/fundacionvaldessalas.es\/misadegaita\/wp-json\/wp\/v2\/categories?post=477"},{"taxonomy":"post_tag","embeddable":true,"href":"https:\/\/fundacionvaldessalas.es\/misadegaita\/wp-json\/wp\/v2\/tags?post=477"}],"curies":[{"name":"wp","href":"https:\/\/api.w.org\/{rel}","templated":true}]}}