{"id":5,"date":"2014-12-21T18:30:09","date_gmt":"2014-12-21T18:30:09","guid":{"rendered":"http:\/\/fundacionvaldessalas.es\/misadegaita\/?p=5"},"modified":"2022-04-11T18:10:00","modified_gmt":"2022-04-11T18:10:00","slug":"liturgia-de-interes-cultural","status":"publish","type":"post","link":"https:\/\/fundacionvaldessalas.es\/misadegaita\/liturgia-de-interes-cultural\/","title":{"rendered":"Liturgia de inter\u00e9s cultural"},"content":{"rendered":"<p><a href=\"http:\/\/fundacionvaldessalas.es\/misadegaita\/wp-content\/uploads\/2014\/12\/TallerGij2S1.jpg\"><img loading=\"lazy\" class=\"alignnone size-large wp-image-115\" src=\"http:\/\/fundacionvaldessalas.es\/misadegaita\/wp-content\/uploads\/2014\/12\/TallerGij2S1-1024x768.jpg\" alt=\"TallerGij2S1\" width=\"600\" height=\"450\" srcset=\"https:\/\/fundacionvaldessalas.es\/misadegaita\/wp-content\/uploads\/2014\/12\/TallerGij2S1-1024x768.jpg 1024w, https:\/\/fundacionvaldessalas.es\/misadegaita\/wp-content\/uploads\/2014\/12\/TallerGij2S1-300x225.jpg 300w, https:\/\/fundacionvaldessalas.es\/misadegaita\/wp-content\/uploads\/2014\/12\/TallerGij2S1.jpg 1280w\" sizes=\"(max-width: 600px) 100vw, 600px\" \/><\/a><br \/>\nCon este t\u00edtulo se hac\u00eda eco la edici\u00f3n digital del diario <em>La Nueva Espa\u00f1a<\/em> (22\/12\/2014) de la <em>Misa de gaita<\/em> cantada en San Pedro de Gij\u00f3n por el Coro del Taller \u201cLolo Cornellana\u201d, de la Fundaci\u00f3n Vald\u00e9s Salas, bajo la direcci\u00f3n del maestro Joaqu\u00edn Valde\u00f3n, director del Coro Universitario de Oviedo. Presentada por el catedr\u00e1tico universitario Jes\u00fas Men\u00e9ndez Pel\u00e1ez, la misa fue presidida por el p\u00e1rroco de la prop\u00eca iglesia, don Javier G\u00f3mez Cuesta, que tuvo hermosas palabras acerca de esta celebraci\u00f3n. No en vano, este sacerdote la cant\u00f3 muchas veces en sus primeros destinos pastorales.<br \/>\nEl cronista, que firma con las iniciales F. G., alude a las voces \u201csobrecogedoras\u201d que suenan en esta liturgia y tuvo un recuerdo para el cantor que da nombre al Taller:<em> Tan es as\u00ed, tan sobrecogedora, que seguramente, desde el cielo, Juan Manuel Men\u00e9ndez Gonz\u00e1lez, \u00abLolo de Cornellana\u00bb, se estremeci\u00f3 al escuchar el \u00abKirie\u00bb, el \u00abSanctus\u00bb o el \u00abAgnus Dei\u00bb<\/em>. Actuaron como gaiteros los titulares del Taller: Xaime Men\u00e9ndez y Llori\u00e1n Garc\u00eda Fl\u00f3rez. Imprescindible la colaboraci\u00f3n de Mari Luz Crist\u00f3bal, de la que dice el cronista: <em>Mari Luz Crist\u00f3bal Caunedo, con su chorro de voz incomparable, puso la voz solista a un coro magn\u00edfico creado en septiembre de 2013 y al que habr\u00eda que reclamar en Gij\u00f3n con m\u00e1s frecuencia.<\/em><\/p>\n","protected":false},"excerpt":{"rendered":"<p>Con este t\u00edtulo se hac\u00eda eco la edici\u00f3n digital del diario La Nueva Espa\u00f1a (22\/12\/2014) de la Misa de gaita cantada en San Pedro de Gij\u00f3n por el Coro del Taller \u201cLolo Cornellana\u201d, de la Fundaci\u00f3n Vald\u00e9s Salas, bajo la direcci\u00f3n del maestro Joaqu\u00edn Valde\u00f3n, director del Coro Universitario de Oviedo. Presentada por el catedr\u00e1tico [&hellip;]<\/p>\n","protected":false},"author":1,"featured_media":6,"comment_status":"open","ping_status":"open","sticky":false,"template":"","format":"standard","meta":[],"categories":[7],"tags":[],"_links":{"self":[{"href":"https:\/\/fundacionvaldessalas.es\/misadegaita\/wp-json\/wp\/v2\/posts\/5"}],"collection":[{"href":"https:\/\/fundacionvaldessalas.es\/misadegaita\/wp-json\/wp\/v2\/posts"}],"about":[{"href":"https:\/\/fundacionvaldessalas.es\/misadegaita\/wp-json\/wp\/v2\/types\/post"}],"author":[{"embeddable":true,"href":"https:\/\/fundacionvaldessalas.es\/misadegaita\/wp-json\/wp\/v2\/users\/1"}],"replies":[{"embeddable":true,"href":"https:\/\/fundacionvaldessalas.es\/misadegaita\/wp-json\/wp\/v2\/comments?post=5"}],"version-history":[{"count":3,"href":"https:\/\/fundacionvaldessalas.es\/misadegaita\/wp-json\/wp\/v2\/posts\/5\/revisions"}],"predecessor-version":[{"id":236,"href":"https:\/\/fundacionvaldessalas.es\/misadegaita\/wp-json\/wp\/v2\/posts\/5\/revisions\/236"}],"wp:featuredmedia":[{"embeddable":true,"href":"https:\/\/fundacionvaldessalas.es\/misadegaita\/wp-json\/wp\/v2\/media\/6"}],"wp:attachment":[{"href":"https:\/\/fundacionvaldessalas.es\/misadegaita\/wp-json\/wp\/v2\/media?parent=5"}],"wp:term":[{"taxonomy":"category","embeddable":true,"href":"https:\/\/fundacionvaldessalas.es\/misadegaita\/wp-json\/wp\/v2\/categories?post=5"},{"taxonomy":"post_tag","embeddable":true,"href":"https:\/\/fundacionvaldessalas.es\/misadegaita\/wp-json\/wp\/v2\/tags?post=5"}],"curies":[{"name":"wp","href":"https:\/\/api.w.org\/{rel}","templated":true}]}}