{"id":501,"date":"2016-04-21T18:38:04","date_gmt":"2016-04-21T18:38:04","guid":{"rendered":"http:\/\/fundacionvaldessalas.es\/misadegaita\/?p=501"},"modified":"2022-04-11T17:57:42","modified_gmt":"2022-04-11T17:57:42","slug":"misa-de-gaita-el-8-de-mayo-en-barcena-del-monasterio","status":"publish","type":"post","link":"https:\/\/fundacionvaldessalas.es\/misadegaita\/misa-de-gaita-el-8-de-mayo-en-barcena-del-monasterio\/","title":{"rendered":"Misa de gaita el 8 de mayo en B\u00e1rcena del Monasterio"},"content":{"rendered":"<p>Despu\u00e9s de haber tenido que suspender (por causa de la nieve) la <em>Misa de gaita<\/em> prevista para el pasado 28 de febrero en B\u00e1rcena del Monasterio, resulta muy grato anunciar que ya hay nueva fecha para la misma. Tendr\u00e1 lugar el domingo, 8 de mayo, a las 12,30 h. en la Iglesia de San Miguel de B\u00e1rcena del Monasterio. Esta eucarist\u00eda estar\u00e1 presidida por el p\u00e1rroco D. Celestino Riesgo Iglesias.<\/p>\n<p>Para la celebraci\u00f3n se contar\u00e1 con la presencia del Taller \u201cLolo Cornellana\u201d de la <em>Misa de gaita<\/em>, que recientemente intervino en el hist\u00f3rico templo de Los Jer\u00f3nimos de Madrid.<\/p>\n<p>A destacar la colaboraci\u00f3n como solista de la cantante Mari Luz Crist\u00f3bal Caunedo, invitada especial del Taller desde su fundaci\u00f3n y tinetense por m\u00e1s se\u00f1as. A la gaita, Xaime Men\u00e9ndez. Y todos ellos estar\u00e1n dirigidos por el maestro Joaqu\u00edn Valde\u00f3n, director del Coro Universitario.<\/p>\n<p>M\u00e1s informaci\u00f3n <a href=\"http:\/\/fundacionvaldessalas.es\/misadegaita\/wp-content\/uploads\/2016\/04\/Diptico-Misa-Barcena-copia-2.pdf\" rel=\"\">en el d\u00edptico que se entregar\u00e1 a los asistentes y que contiene los textos latinos de las oraciones y sus traducciones.<\/a><\/p>\n<p>Y los que a\u00fan no la hayan le\u00eddo, que no dejen de acceder a <a href=\"http:\/\/fundacionvaldessalas.es\/misadegaita\/?p=443\" target=\"_blank\" rel=\"noopener\">la entra\u00f1able entrada que Enedina Garc\u00eda, miembro del Taller y natural de la zona, realiz\u00f3 sobre la tradici\u00f3n de la misa en su propia familia.<\/a><\/p>\n<hr \/>\n<p>Foto cortes\u00eda de don Celestino Riesgo Iglesias, p\u00e1rroco de San Miguel.<\/p>\n","protected":false},"excerpt":{"rendered":"<p>Despu\u00e9s de haber tenido que suspender (por causa de la nieve) la Misa de gaita prevista para el pasado 28 de febrero en B\u00e1rcena del Monasterio, resulta muy grato anunciar que ya hay nueva fecha para la misma. Tendr\u00e1 lugar el domingo, 8 de mayo, a las 12,30 h. en la Iglesia de San Miguel [&hellip;]<\/p>\n","protected":false},"author":1,"featured_media":502,"comment_status":"open","ping_status":"open","sticky":false,"template":"","format":"standard","meta":[],"categories":[7],"tags":[],"_links":{"self":[{"href":"https:\/\/fundacionvaldessalas.es\/misadegaita\/wp-json\/wp\/v2\/posts\/501"}],"collection":[{"href":"https:\/\/fundacionvaldessalas.es\/misadegaita\/wp-json\/wp\/v2\/posts"}],"about":[{"href":"https:\/\/fundacionvaldessalas.es\/misadegaita\/wp-json\/wp\/v2\/types\/post"}],"author":[{"embeddable":true,"href":"https:\/\/fundacionvaldessalas.es\/misadegaita\/wp-json\/wp\/v2\/users\/1"}],"replies":[{"embeddable":true,"href":"https:\/\/fundacionvaldessalas.es\/misadegaita\/wp-json\/wp\/v2\/comments?post=501"}],"version-history":[{"count":4,"href":"https:\/\/fundacionvaldessalas.es\/misadegaita\/wp-json\/wp\/v2\/posts\/501\/revisions"}],"predecessor-version":[{"id":884,"href":"https:\/\/fundacionvaldessalas.es\/misadegaita\/wp-json\/wp\/v2\/posts\/501\/revisions\/884"}],"wp:featuredmedia":[{"embeddable":true,"href":"https:\/\/fundacionvaldessalas.es\/misadegaita\/wp-json\/wp\/v2\/media\/502"}],"wp:attachment":[{"href":"https:\/\/fundacionvaldessalas.es\/misadegaita\/wp-json\/wp\/v2\/media?parent=501"}],"wp:term":[{"taxonomy":"category","embeddable":true,"href":"https:\/\/fundacionvaldessalas.es\/misadegaita\/wp-json\/wp\/v2\/categories?post=501"},{"taxonomy":"post_tag","embeddable":true,"href":"https:\/\/fundacionvaldessalas.es\/misadegaita\/wp-json\/wp\/v2\/tags?post=501"}],"curies":[{"name":"wp","href":"https:\/\/api.w.org\/{rel}","templated":true}]}}