{"id":510,"date":"2016-05-16T18:00:45","date_gmt":"2016-05-16T18:00:45","guid":{"rendered":"http:\/\/fundacionvaldessalas.es\/misadegaita\/?p=510"},"modified":"2016-05-16T18:00:45","modified_gmt":"2016-05-16T18:00:45","slug":"palabras-para-una-misa-de-gaita-en-barcena-del-monasterio","status":"publish","type":"post","link":"https:\/\/fundacionvaldessalas.es\/misadegaita\/palabras-para-una-misa-de-gaita-en-barcena-del-monasterio\/","title":{"rendered":"Palabras para una Misa de gaita en B\u00e1rcena del Monasterio"},"content":{"rendered":"<p>Buenos d\u00edas:<br \/>\nNos reunimos, por fin, en este entorno tan querido para m\u00ed y para la mayor\u00eda de los que estamos aqu\u00ed, para celebrar y cantar la Misa de Gaita, despu\u00e9s de cancelarla en febrero por motivos ajenos a todos nosotros.<br \/>\nLa nueva fecha viable para todos los implicados directamente en el evento, result\u00f3 ser el 8 de mayo, d\u00eda especialmente significativo en esta parroquia, por ser S. Miguel Arc\u00e1ngel. La fiesta lleva a\u00f1os sin celebrarse, pero mucha gente seguramente la recuerda.<br \/>\nSoy consciente de que voy a extenderme un poco, pero quiero aprovechar la ocasi\u00f3n para manifestar p\u00fablicamente algunos pensamientos y reflexiones personales relacionados, directa o indirectamente, con la Misa de Gaita, desde el punto vista de mi propia vivencia personal, porque para explicar aspectos t\u00e9cnicos y\/o musicales de la Misa de Gaita estar\u00edan aqu\u00ed otras personas, sin ir m\u00e1s all\u00e1, el director del Taller, el maestro Joaqu\u00edn Valde\u00f3n.<br \/>\nEchamos mucho de menos hoy a D. \u00c1ngel Medina catedr\u00e1tico de Musicolog\u00eda de la Universidad de Oviedo, que hoy no pudo venir por motivos personales; \u00e9l es el asesor, el especialista que podr\u00eda darnos una lecci\u00f3n magistral sobre la Misa de Gaita. \u00c1ngel Medina estudi\u00f3 e investig\u00f3 minuciosamente la trayectoria y caracter\u00edsticas de las distintas misas de gaita en Asturias, trabajos recogidos en su libro La Misa de gaita: hibridaciones sacroasturianas.<br \/>\nEst\u00e1 dispuesto a colaborar, siempre que sus circunstancias personales lo permitan, en cualquier acto cultural que se organice en el concejo de Tineo, disposici\u00f3n que transmito en su nombre, a los representantes de las distintas Instituciones p\u00fablicas, que con su presencia hoy aqu\u00ed, manifiestan una sensibilidad especial y una clara consciencia de la importancia que supone su apoyo a este proyecto, m\u00e1s all\u00e1 de tendencias pol\u00edticas o de creencias religiosas.<\/p>\n<p>Yo voy a hablar del tema desde un punto de vista m\u00e1s sentimental, espero que sin caer en \u201csentimentalismo\u201d, as\u00ed que muchas gracias de antemano a todos, unos por darme la oportunidad de hablar y otros por escucharme.<\/p>\n<p>Quiero en primer lugar agradecer a la Fundaci\u00f3n Vald\u00e9s-Salas en general, y en particular a dos personas, D.Isidro S\u00e1nchez, Director del Aula de Extensi\u00f3n Universitaria Vald\u00e9s Salas, que acaba de hablarles y D. Joaqu\u00edn Lorences, Vicepresidente de la Fundaci\u00f3n, ambos naturales del concejo de Salas y profesores de la Facultad de Econom\u00eda y Empresa de la Universidad de Oviedo; agradecerles digo, la encomiable labor que desarrollan acercando la Universidad al \u00e1mbito rural, con innumerables actos, actividades, cursos, congresos y colaboraciones con distintas instituciones, entre los que se incluye la apuesta por la Misa de Gaita. Est\u00e1n ah\u00ed siempre, en positivo, aportando ideas y seriedad a los proyectos. De verdad que estas zonas ya no ser\u00edan igual sin esas actividades, sin su labor permanente, as\u00ed que, esperemos que se perpet\u00faen en el tiempo.<\/p>\n<div id=\"attachment_512\" style=\"width: 620px\" class=\"wp-caption aligncenter\"><a href=\"http:\/\/fundacionvaldessalas.es\/misadegaita\/wp-content\/uploads\/2016\/05\/IMG_0895.jpg\" rel=\"attachment wp-att-512\"><img aria-describedby=\"caption-attachment-512\" loading=\"lazy\" class=\"wp-image-512 size-large\" src=\"http:\/\/fundacionvaldessalas.es\/misadegaita\/wp-content\/uploads\/2016\/05\/IMG_0895-1024x576.jpg\" alt=\"IMG_0895\" width=\"610\" height=\"343\" srcset=\"https:\/\/fundacionvaldessalas.es\/misadegaita\/wp-content\/uploads\/2016\/05\/IMG_0895-1024x576.jpg 1024w, https:\/\/fundacionvaldessalas.es\/misadegaita\/wp-content\/uploads\/2016\/05\/IMG_0895-300x169.jpg 300w, https:\/\/fundacionvaldessalas.es\/misadegaita\/wp-content\/uploads\/2016\/05\/IMG_0895-768x432.jpg 768w, https:\/\/fundacionvaldessalas.es\/misadegaita\/wp-content\/uploads\/2016\/05\/IMG_0895.jpg 1600w\" sizes=\"(max-width: 610px) 100vw, 610px\" \/><\/a><p id=\"caption-attachment-512\" class=\"wp-caption-text\">Taller Lolo Cornellana de la Misa de Gaita<\/p><\/div>\n<p>Quiero destacar la labor del director del Taller, el maestro Joaqu\u00edn Valde\u00f3n por saber llevarnos a un terreno musical que muchos desconoc\u00edamos, intentando con infinita paciencia conseguir esos giros y esa \u201cperfecta sincronizaci\u00f3n\u201d gaita\u2013voz, que la Misa de Gaita requiere y que otros int\u00e9rpretes como Mari Luz Crist\u00f3bal o Joaqu\u00edn Pixan dominan.<\/p>\n<p>Quiero aprovechar para mostrar mi satisfacci\u00f3n personal por pertenecer a este grupo. Empec\u00e9 en el Taller \u201cLolo Cornellana\u201d, por curiosidad. Me anim\u00f3 inicialmente mi hermano Santi para aprender a cantar la Misa de Gaita y contribuir a que no desapareciera. Fui comprobando poco a poco, la variedad de intereses y confluencias que se daban en las personas del grupo.<br \/>\nA ra\u00edz del aprendizaje de la Misa de Gaita me percat\u00e9 de la implicaci\u00f3n que hab\u00edan tenido en este lugar en concreto, mi abuelo, mi madre, mis t\u00edos y otras muchas personas de la parroquia.<br \/>\nEs verdad que a veces resulta larga, o un poco repetitiva, pero la Misa de Gaita, \u201ccomo que engancha\u201d. No s\u00e9 si es \u201cla misa\u201d o es \u201cla gaita\u201d, pero las notas de estas partituras (con un estilo entre la tonada y el gregoriano), predisponen a la reflexi\u00f3n interior al que las escucha, haciendo que se diluya, muchas veces, la frontera entre creyentes y no creyentes.<br \/>\nEl nombre del coro, Taller \u201cLolo Cornellana\u201d, rinde homenaje a un hombre que interpret\u00f3 la Misa de Gaita durante muchos a\u00f1os en numerosos pueblos del municipio de Salas, especialmente en Cornellana (el p\u00e1rroco anterior, D. Ceferino tambi\u00e9n contribuy\u00f3 mucho a que permaneciera viva). Esta zona es uno de los reductos en los que se cant\u00f3 sin interrupciones en el tiempo.<br \/>\nSeguramente no imaginaba Lolo que, precisamente su fallecimiento, iba a ser el germen que propici\u00f3 el resurgir de la Misa de Gaita, pero as\u00ed es.<br \/>\nHoy Xaime Men\u00e9ndez va a tocar con una gaita propiedad de Lolo, construida por un genial artista amigo suyo, tambi\u00e9n fallecido, Manolo Quir\u00f3s\u2026<\/p>\n<div id=\"attachment_513\" style=\"width: 620px\" class=\"wp-caption aligncenter\"><a href=\"http:\/\/fundacionvaldessalas.es\/misadegaita\/wp-content\/uploads\/2016\/05\/IMG_0916.jpg\" rel=\"attachment wp-att-513\"><img aria-describedby=\"caption-attachment-513\" loading=\"lazy\" class=\"wp-image-513 size-large\" src=\"http:\/\/fundacionvaldessalas.es\/misadegaita\/wp-content\/uploads\/2016\/05\/IMG_0916-1024x928.jpg\" alt=\"IMG_0916\" width=\"610\" height=\"553\" srcset=\"https:\/\/fundacionvaldessalas.es\/misadegaita\/wp-content\/uploads\/2016\/05\/IMG_0916-1024x928.jpg 1024w, https:\/\/fundacionvaldessalas.es\/misadegaita\/wp-content\/uploads\/2016\/05\/IMG_0916-300x272.jpg 300w, https:\/\/fundacionvaldessalas.es\/misadegaita\/wp-content\/uploads\/2016\/05\/IMG_0916-768x696.jpg 768w, https:\/\/fundacionvaldessalas.es\/misadegaita\/wp-content\/uploads\/2016\/05\/IMG_0916.jpg 1376w\" sizes=\"(max-width: 610px) 100vw, 610px\" \/><\/a><p id=\"caption-attachment-513\" class=\"wp-caption-text\">Mari Luz Crist\u00f3bal Caunedo entrevistada para la TPA<\/p><\/div>\n<p>Todos los componentes del Taller estamos relacionados con la m\u00fasica desde hace mucho tiempo aunque con formas y estilos musicales muy diferentes.<br \/>\nLos gaiteros Xaime y Llori\u00e1n (que por motivos de estudios no pudo venir hoy), aut\u00e9nticos protagonistas de la Misa de Gaita; Aurora (que hoy tampoco pudo venir) y Nuria, esposa e hija respectivamente de Lolo Cornellana; Paco, Manuel, Santiago, y Carlos, cantantes de coros destacados, (Manuel aficionado a la gaita, especialmente a la gallega por ser oriundo de Galicia, Carlos amigo personal de Lolo, al igual y, entre par\u00e9ntesis, que Joaqu\u00edn Pixan); Agust\u00edn y Pepe el Mol\u00edn (este \u00faltimo, compa\u00f1ero de Lolo durante muchos a\u00f1os cantando la Misa) que, aparte de otras muchas actividades musicales, siguen cantando la Misa de Gaita en las fiestas de pueblos de Salas, Pravia y otros municipios; Patricia, representando a Ribadesella y el Oriente asturiano donde tambi\u00e9n se conserva la Misa de Gaita; Mavisa tambi\u00e9n con un gran bagaje musical en distintos grupos entre los que destaca el Colectivo Muyeres; y los j\u00f3venes: Andrea, Sara, Jes\u00fas, la savia nueva que junto a LLori\u00e1n y Xaime, a m\u00ed particularmente y no solo por v\u00ednculos familiares, me animan mucho, porque confirman que hay continuidad y que hoy hay j\u00f3venes que consideran que la participaci\u00f3n en un proyecto de estas caracter\u00edsticas, puede merecer la pena.<br \/>\nDel grupo tengo que destacar la calidad personal de todos, el buen ambiente de colaboraci\u00f3n y optimismo que se vive y de verdad creo que hablo en nombre de todos. Como dec\u00eda Paco Valledor ayer, \u201cno s\u00e9 cu\u00e1nto tiempo durar\u00e1 o donde llegaremos con el tema\u201d, pero est\u00e1 claro que estamos encantados de participar y poner todo nuestro esfuerzo para conseguir que se reconozca la Misa de Gaita como Patrimonio Cultural Inmaterial de la Humanidad, por la Unesco, cosa que para todos nosotros, por supuesto que \u201cya lo es\u201d.<\/p>\n<p>Dejo para el final a Mari Luz Crist\u00f3bal porque merece un apartado preferente.<br \/>\nMari Luz habla con su silencio y con su mirada p\u00edcara, y cuando canta, simplemente se paralizan el tiempo y el movimiento, para poder escucharla con la mayor atenci\u00f3n posible. Siendo como es la se\u00f1ora de la tonada y de la canci\u00f3n asturiana, permanece y asiste con su marido, a todos nuestros ensayos, atenta y respetuosa, para mostrarnos en sus \u201csolos\u201d, como el que no quiere la cosa, con la mayor humildad del mundo, c\u00f3mo se canta de forma absolutamente inimitable la Misa de Gaita dej\u00e1ndonos sobrecogidos por la emoci\u00f3n, impactados por lo que sale de su garganta. De verdad mi m\u00e1s sincera admiraci\u00f3n p\u00fablica por ser como eres, Mari Luz, en todos los sentidos.<\/p>\n<p>La climatolog\u00eda no nos lo puso f\u00e1cil para estar aqu\u00ed, pero somos todos \u201cy todas\u201d, gente a los que las dificultades, lejos de desanimarnos, nos motivan a\u00fan m\u00e1s.<\/p>\n<p>Pero a qui\u00e9n pretendo de verdad rendir un homenaje es a todos los que durante muchos a\u00f1os del siglo pasado, cantaron en este mismo espacio las melod\u00edas de la Misa de Gaita, es cierto que no acompa\u00f1adas por gaita, sino por bandone\u00f3n y por acorde\u00f3n-piano, pero s\u00ed con la base musical de lo que hoy van a escuchar, aunque pueda alguien observar alguna variaci\u00f3n. Estas paredes monacales llevan encima muchas misas de gaita.<br \/>\nLa informaci\u00f3n me la transmiti\u00f3 mi madre, Trina la Caera, de Folgueras de Corn\u00e1s<br \/>\nElla recuerda que cuando era ni\u00f1a en los a\u00f1os 30 del s. XX, su padre, Ram\u00f3n de la Caera, con Xuaco el de Olleros, Cachero de Luciernas, el Meco de Carvajal y Ram\u00f3n de El Pingo de San Vicente, cantaban en B\u00e1rcena del Monasterio, esta Misa.<br \/>\nLa cantaban seg\u00fan les permit\u00edan sus obligaciones, o se presentaban ocasiones, especialmente en las fiestas, pero no ensayaban juntos ni nada por el estilo; si estaban los cuatro cantaban todos; si no, uno o dos. Se acompa\u00f1aban, como dije, de bandone\u00f3n, que lo tocaba Serapio de San Pedro y tambi\u00e9n de acorde\u00f3n-piano, que lo tocaba Rosendo de San Frichoso). Mero Carol de Orderias tambi\u00e9n cantaba esa misma misa en San Frichoso.<br \/>\nAqu\u00ed en el Monasterio de B\u00e1rcena, a principios de los a\u00f1os 40, mi madre, Trini, con dos de sus hermanos, Celia y Ramon\u00edn y una vecina familia tambi\u00e9n de Folgueras de Corn\u00e1s, Lidia de Casa Fernando, empezaron a cantar tambi\u00e9n la Misa de \u00c1ngeles porque se la ense\u00f1\u00f3 un maestro que hab\u00eda venido de Le\u00f3n, D. Francisco Pel\u00e1ez D. Francisco les ensayaba y luego cantaban en distintas fiestas de los pueblos de alrededor: Sabadell, Borres, Campiello\u2026<br \/>\nValent\u00edn de Casa Valiente de B\u00e1rcena y Lulo el Gordo de Luciernas tambi\u00e9n eran cantores asiduos en la Iglesia de B\u00e1rcena, seg\u00fan me comentan sus hijos y vecinos.<br \/>\nMi madre no recuerda que, a partir de 1951 cuando ella, al casarse, se fue a vivir a Tineo, se siguiera cantando la Misa de Gaita, aunque, hasta finales de los a\u00f1os 50, mi abuelo Ram\u00f3n de la Caera y otros dos hijos, Pitusa y Ramon\u00edn, con Pepe de Casa Luzdivina, ensayaban con el cura de B\u00e1rcena D. Francisco Andina Reigada y cantaban en San Tirso en Corn\u00e1s, en S. \u00c1ndr\u00e9s, B\u00e1rcena. Como an\u00e9cdota me contaba mi t\u00eda Pitusa que en Lantero, el pueblo que queda enfrente de San Andr\u00e9s, al otro lado del r\u00edo, o\u00edan misa tambi\u00e9n, cuando se cantaba en San Andr\u00e9s. Tambi\u00e9n la cantaron, seg\u00fan nos informaron vecinos de B\u00e1rcena y Luciernas,<br \/>\nA partir de, aproximadamente, 1960, no recuerdan que se siguieran cantando, ni la Misa de \u00c1ngeles, ni la de Gaita<br \/>\nSeguro que en la relaci\u00f3n de personas no falta nadie, porque la memoria de mi madre, que es quien me proporcion\u00f3 casi todos los datos, puedo constatar que es mucho mejor que la m\u00eda, pero pedimos disculpas, si hay alguna omisi\u00f3n involuntaria y agradecer\u00edamos y estar\u00edamos encantados de recibir cualquier aportaci\u00f3n o an\u00e9cdota que alguien recuerde, relacionada con la interpretaci\u00f3n de la Misa de Gaita en esta zona, para que quede recogida por \u00c1ngel Medina y no se pierda con el paso de los a\u00f1os.<\/p>\n<p>Aprovecho para agradecer a Fernando Ornosa, encargado del Archivo de M\u00fasica tradicional del Museo del Pueblo de Asturias, aqu\u00ed presente por ser el marido de Mavisa, el inter\u00e9s mostrado por grabar y recuperar estas Misas.<\/p>\n<p>Gracias tambi\u00e9n a D. Celestino, p\u00e1rroco de B\u00e1rcena y compa\u00f1ero m\u00edo en el IES de Salas, por dar todas las facilidades, desde el primer momento, para la organizaci\u00f3n y celebraci\u00f3n de esta Misa.<\/p>\n<p>Estas palabras, vuestra presencia y la propia Misa, constituyen el peque\u00f1o y gran homenaje que vamos a dar a todos los que cantaron en la iglesia S. Miguel de B\u00e1rcena del Monasterio en el concejo de Tineo. Algunos descansan, \u201cde forma permanente\u201d, justo aqu\u00ed detr\u00e1s de estos muros y, obviamente ya no podr\u00e1n cantarla, pero estoy casi segura de que, de una forma u otra, a todos, las buenas vibraciones les van a llegar.<br \/>\nMuchas gracias<br \/>\nEnedina Garc\u00eda G\u00f3mez<br \/>\n8 DE MAYO 2016 \u2013 SAN MIGUEL A LAS 12:30 H<\/p>\n","protected":false},"excerpt":{"rendered":"<p>Buenos d\u00edas: Nos reunimos, por fin, en este entorno tan querido para m\u00ed y para la mayor\u00eda de los que estamos aqu\u00ed, para celebrar y cantar la Misa de Gaita, despu\u00e9s de cancelarla en febrero por motivos ajenos a todos nosotros. La nueva fecha viable para todos los implicados directamente en el evento, result\u00f3 ser [&hellip;]<\/p>\n","protected":false},"author":6,"featured_media":511,"comment_status":"open","ping_status":"open","sticky":false,"template":"","format":"standard","meta":[],"categories":[6],"tags":[],"_links":{"self":[{"href":"https:\/\/fundacionvaldessalas.es\/misadegaita\/wp-json\/wp\/v2\/posts\/510"}],"collection":[{"href":"https:\/\/fundacionvaldessalas.es\/misadegaita\/wp-json\/wp\/v2\/posts"}],"about":[{"href":"https:\/\/fundacionvaldessalas.es\/misadegaita\/wp-json\/wp\/v2\/types\/post"}],"author":[{"embeddable":true,"href":"https:\/\/fundacionvaldessalas.es\/misadegaita\/wp-json\/wp\/v2\/users\/6"}],"replies":[{"embeddable":true,"href":"https:\/\/fundacionvaldessalas.es\/misadegaita\/wp-json\/wp\/v2\/comments?post=510"}],"version-history":[{"count":1,"href":"https:\/\/fundacionvaldessalas.es\/misadegaita\/wp-json\/wp\/v2\/posts\/510\/revisions"}],"predecessor-version":[{"id":514,"href":"https:\/\/fundacionvaldessalas.es\/misadegaita\/wp-json\/wp\/v2\/posts\/510\/revisions\/514"}],"wp:featuredmedia":[{"embeddable":true,"href":"https:\/\/fundacionvaldessalas.es\/misadegaita\/wp-json\/wp\/v2\/media\/511"}],"wp:attachment":[{"href":"https:\/\/fundacionvaldessalas.es\/misadegaita\/wp-json\/wp\/v2\/media?parent=510"}],"wp:term":[{"taxonomy":"category","embeddable":true,"href":"https:\/\/fundacionvaldessalas.es\/misadegaita\/wp-json\/wp\/v2\/categories?post=510"},{"taxonomy":"post_tag","embeddable":true,"href":"https:\/\/fundacionvaldessalas.es\/misadegaita\/wp-json\/wp\/v2\/tags?post=510"}],"curies":[{"name":"wp","href":"https:\/\/api.w.org\/{rel}","templated":true}]}}