{"id":522,"date":"2016-09-03T19:02:42","date_gmt":"2016-09-03T19:02:42","guid":{"rendered":"http:\/\/fundacionvaldessalas.es\/misadegaita\/?p=522"},"modified":"2022-04-11T17:57:51","modified_gmt":"2022-04-11T17:57:51","slug":"misa-de-gaita-en-la-festividad-de-nuestra-senora-del-valle-de-pravia","status":"publish","type":"post","link":"https:\/\/fundacionvaldessalas.es\/misadegaita\/misa-de-gaita-en-la-festividad-de-nuestra-senora-del-valle-de-pravia\/","title":{"rendered":"Misa de gaita en la festividad de Nuestra Se\u00f1ora del Valle de Pravia"},"content":{"rendered":"<p>Si por algo se caracteriza la festividad de Nuestra Se\u00f1ora del Valle, que se celebra cada 8 de septiembre en Pravia, es por la devoci\u00f3n con la que generaciones y generaciones de pravianos y de romeros de otras latitudes han venido acerc\u00e1ndose a su Santuario. Es d\u00eda de fiesta mayor, que sigue a la no menos importante del Cristo, d\u00eda de misa solemne y de alegr\u00eda en toda la comarca. Y, por si fuera poco, todo el Principado honra y recuerda la Virgen de Covadonga en esa misma fecha.<\/p>\n<p>La peque\u00f1a capilla de Nuestra Se\u00f1ora del Valle de Pravia no puede acoger a toda la gente que acude a venerarla, as\u00ed que la misa se celebra al aire libre. Y hemos visto, leyendo antiguas rese\u00f1as period\u00edsticas, que no sol\u00eda faltar la buena m\u00fasica en esta ceremonia, empezando por la que realizaban los coros locales o los invitados, las bandas y otros efectivos musicales que se encargaban (y se encargan) del paisaje sonoro de la fiesta.<\/p>\n<p>Este a\u00f1o la eucarist\u00eda del d\u00eda 8, a las 12,30, ser\u00e1 una <em>Misa de gaita<\/em>. Estar\u00e1 presidida por el p\u00e1rroco don Francisco Donate y contar\u00e1 con la participaci\u00f3n del Taller \u2018Lolo Cornellana\u2019 de la Misa de gaita. Sus cantores ser\u00e1n acompa\u00f1ados por el gaitero Llori\u00e1n Garc\u00eda Fl\u00f3rez, actuando como solista invitada la gran cantante Mari Luz Crist\u00f3bal Caunedo, cuya grabaci\u00f3n de la misa con el gaitero de Veri\u00f1a es ya todo un cl\u00e1sico. Todos ellos, naturalmente, bajo la direcci\u00f3n del maestro Joaqu\u00edn Valde\u00f3n. Y siempre con el respaldo de la Fundaci\u00f3n Vald\u00e9s Salas.<\/p>\n<p>El Taller agradece la deferencia de la Coral Polif\u00f3nica \u2018Santiago L\u00f3pez\u2019 de Pravia, que colabora habitualmente en esta celebraci\u00f3n y que generosamente nos acoge en un d\u00eda tan se\u00f1alado.<\/p>\n<p>El Taller ha intervenido estos \u00faltimos meses en misas celebradas en B\u00e1rcena del Monasterio, Salas y (con Joaqu\u00edn Pix\u00e1n y la citada Mari Luz como solistas) en una misa celebrada en la iglesia de Los Jer\u00f3nimos de Madrid de la que hubo amplia informaci\u00f3n en los medios.<\/p>\n<p>V\u00e9ase el d\u00edptico de la Misa <a href=\"http:\/\/fundacionvaldessalas.es\/misadegaita\/wp-content\/uploads\/2015\/03\/Diptico-Misa-Pravia.pdf\">en el siguiente enlace.<\/a><\/p>\n<p>&nbsp;<\/p>\n<p>Y un detalle m\u00e1s. Este mismo d\u00eda 8, Pepe\u00b4l Mol\u00edn y el gaitero Xaime Men\u00e9ndez, miembros del Taller, cantan la tradicional misa de gaita de la fiesta del Cristo de Borreras (Salas). Contin\u00faan as\u00ed el recorrido que todos los veranos les lleva por numerosas fiestas patronales de la zona centro-occidental de Asturias, en una labor impagable que en el caso de Pepe abarca ya m\u00e1s de cuarenta a\u00f1os, y aproximadamente la mitad en el caso de Xaime, lo que en proporci\u00f3n a su edad es toda una vida.<\/p>\n","protected":false},"excerpt":{"rendered":"<p>Si por algo se caracteriza la festividad de Nuestra Se\u00f1ora del Valle, que se celebra cada 8 de septiembre en Pravia, es por la devoci\u00f3n con la que generaciones y generaciones de pravianos y de romeros de otras latitudes han venido acerc\u00e1ndose a su Santuario. Es d\u00eda de fiesta mayor, que sigue a la no [&hellip;]<\/p>\n","protected":false},"author":1,"featured_media":524,"comment_status":"open","ping_status":"open","sticky":false,"template":"","format":"standard","meta":[],"categories":[7],"tags":[],"_links":{"self":[{"href":"https:\/\/fundacionvaldessalas.es\/misadegaita\/wp-json\/wp\/v2\/posts\/522"}],"collection":[{"href":"https:\/\/fundacionvaldessalas.es\/misadegaita\/wp-json\/wp\/v2\/posts"}],"about":[{"href":"https:\/\/fundacionvaldessalas.es\/misadegaita\/wp-json\/wp\/v2\/types\/post"}],"author":[{"embeddable":true,"href":"https:\/\/fundacionvaldessalas.es\/misadegaita\/wp-json\/wp\/v2\/users\/1"}],"replies":[{"embeddable":true,"href":"https:\/\/fundacionvaldessalas.es\/misadegaita\/wp-json\/wp\/v2\/comments?post=522"}],"version-history":[{"count":1,"href":"https:\/\/fundacionvaldessalas.es\/misadegaita\/wp-json\/wp\/v2\/posts\/522\/revisions"}],"predecessor-version":[{"id":525,"href":"https:\/\/fundacionvaldessalas.es\/misadegaita\/wp-json\/wp\/v2\/posts\/522\/revisions\/525"}],"wp:featuredmedia":[{"embeddable":true,"href":"https:\/\/fundacionvaldessalas.es\/misadegaita\/wp-json\/wp\/v2\/media\/524"}],"wp:attachment":[{"href":"https:\/\/fundacionvaldessalas.es\/misadegaita\/wp-json\/wp\/v2\/media?parent=522"}],"wp:term":[{"taxonomy":"category","embeddable":true,"href":"https:\/\/fundacionvaldessalas.es\/misadegaita\/wp-json\/wp\/v2\/categories?post=522"},{"taxonomy":"post_tag","embeddable":true,"href":"https:\/\/fundacionvaldessalas.es\/misadegaita\/wp-json\/wp\/v2\/tags?post=522"}],"curies":[{"name":"wp","href":"https:\/\/api.w.org\/{rel}","templated":true}]}}