{"id":531,"date":"2016-09-14T06:00:45","date_gmt":"2016-09-14T06:00:45","guid":{"rendered":"http:\/\/fundacionvaldessalas.es\/misadegaita\/?p=531"},"modified":"2016-09-14T06:00:45","modified_gmt":"2016-09-14T06:00:45","slug":"notas-sobre-la-misa-de-gaita-ofrecida-a-nuestra-senora-del-valle","status":"publish","type":"post","link":"https:\/\/fundacionvaldessalas.es\/misadegaita\/notas-sobre-la-misa-de-gaita-ofrecida-a-nuestra-senora-del-valle\/","title":{"rendered":"Notas sobre la Misa de gaita ofrecida a Nuestra Se\u00f1ora del Valle"},"content":{"rendered":"<p>El 8 de septiembre es d\u00eda de fiesta mayor en todo el Principado. Se celebran la festividad de la Virgen de Covadonga y el D\u00eda de Asturias, lo que cubre tanto la esfera religiosa como la civil e institucional. En Pravia, adem\u00e1s, se alcanza la culminaci\u00f3n de las fiestas patronales del Cristo de la Misericordia y de Nuestra Se\u00f1ora del Valle.<\/p>\n<p>Hubo all\u00ed este 8 de septiembre, en torno al Santuario de la Virgen del Valle, una celebraci\u00f3n lit\u00fargica que no pod\u00eda ser m\u00e1s acorde con todo lo que se festejaba. Nos referimos a la <em>Misa de gaita<\/em>, que siempre trae a nuestros corazones siglos de religiosidad popular, pues su larga historia a\u00fana el mensaje universal de la Iglesia con el sabor local propio de nuestra identidad como asturianos.<\/p>\n<p>Mantiene esta eucarist\u00eda, por tanto, todos los rasgos de la m\u00e1s elevada espiritualidad, no en vano procede del canto llano que la Iglesia cre\u00f3 y practic\u00f3 durante muchos siglos. Pero al mismo tiempo, con los giros de la gaita y las particulares inflexiones de la parte vocal, ha ido adquiriendo un ropaje genuinamente asturiano. Y ante esta singular fusi\u00f3n nadie queda indiferente.<\/p>\n<div id=\"attachment_544\" style=\"width: 620px\" class=\"wp-caption aligncenter\"><a href=\"http:\/\/fundacionvaldessalas.es\/misadegaita\/wp-content\/uploads\/2016\/09\/IMG_1271-1.jpg\"><img aria-describedby=\"caption-attachment-544\" loading=\"lazy\" class=\"wp-image-544 size-large\" src=\"http:\/\/fundacionvaldessalas.es\/misadegaita\/wp-content\/uploads\/2016\/09\/IMG_1271-1-1024x581.jpg\" alt=\"img_1271\" width=\"610\" height=\"346\" srcset=\"https:\/\/fundacionvaldessalas.es\/misadegaita\/wp-content\/uploads\/2016\/09\/IMG_1271-1-1024x581.jpg 1024w, https:\/\/fundacionvaldessalas.es\/misadegaita\/wp-content\/uploads\/2016\/09\/IMG_1271-1-300x170.jpg 300w, https:\/\/fundacionvaldessalas.es\/misadegaita\/wp-content\/uploads\/2016\/09\/IMG_1271-1-768x436.jpg 768w, https:\/\/fundacionvaldessalas.es\/misadegaita\/wp-content\/uploads\/2016\/09\/IMG_1271-1.jpg 1600w\" sizes=\"(max-width: 610px) 100vw, 610px\" \/><\/a><p id=\"caption-attachment-544\" class=\"wp-caption-text\">Taller \u2018Lolo Cornellana\u2019 de la Misa de gaita en el Santuario de Nuestra Se\u00f1ora del Valle (8 de septiembre de 2016). Foto de Alba Riesgo.<\/p><\/div>\n<p>Antes de la misa (que empez\u00f3 a las 12,30) se rezaba en el Santuario de Nuestra Se\u00f1ora del Valle la parte final de la novena. Hubo un momento de cierta confusi\u00f3n ac\u00fastica, pues el coro estaba haciendo la prueba de sonido y adem\u00e1s, la bien templada Banda de Gaitas Esbardu irrumpi\u00f3 con su sonora presencia en la calle donde est\u00e1 sito el Santuario de Nuestra Se\u00f1ora del Valle. Una vez avisados, la novena prosigui\u00f3 su curso sin m\u00e1s molestias.<\/p>\n<p>Particularmente me encant\u00f3 seguir las hermosas im\u00e1genes de la letan\u00eda, que no escuchaba desde hac\u00eda mucho tiempo y que a\u00fan recuerdo fragmentariamente en lat\u00edn, lengua en la que su estructura repetitiva y monocorde adquiere a\u00fan m\u00e1s ese sesgo encantatorio que hunde sus ra\u00edces en pr\u00e1cticas rituales antiqu\u00edsimas:<\/p>\n<p>(\u2026) Rosa m\u00edstica, (\u201cRuega por nosotros\u201d tras cada invocaci\u00f3n)<br \/>\nTorre de David,<br \/>\nTorre de marfil,<br \/>\nCasa de oro,<br \/>\nArca de la Alianza,<br \/>\nPuerta del cielo,<br \/>\nEstrella de la ma\u00f1ana,<br \/>\nSalud de los enfermos,<br \/>\nRefugio de los pecadores (\u2026)<\/p>\n<div id=\"attachment_545\" style=\"width: 978px\" class=\"wp-caption aligncenter\"><a href=\"http:\/\/fundacionvaldessalas.es\/misadegaita\/wp-content\/uploads\/2016\/09\/unnamed.jpg\"><img aria-describedby=\"caption-attachment-545\" loading=\"lazy\" class=\"wp-image-545 size-full\" src=\"http:\/\/fundacionvaldessalas.es\/misadegaita\/wp-content\/uploads\/2016\/09\/unnamed.jpg\" alt=\"unnamed\" width=\"968\" height=\"487\" srcset=\"https:\/\/fundacionvaldessalas.es\/misadegaita\/wp-content\/uploads\/2016\/09\/unnamed.jpg 968w, https:\/\/fundacionvaldessalas.es\/misadegaita\/wp-content\/uploads\/2016\/09\/unnamed-300x151.jpg 300w, https:\/\/fundacionvaldessalas.es\/misadegaita\/wp-content\/uploads\/2016\/09\/unnamed-768x386.jpg 768w\" sizes=\"(max-width: 968px) 100vw, 968px\" \/><\/a><p id=\"caption-attachment-545\" class=\"wp-caption-text\">\u00c1ngel Medina presentando al Taller \u2018Lolo Cornellana\u2019 de la Misa de gaita<\/p><\/div>\n<p>La concejala de Cultura del Ayuntamiento de Pravia, do\u00f1a Valle Iturrate me concedi\u00f3 la palabra\u00a0 para que pudiese esbozar brevemente el significado de este Bien de Inter\u00e9s Cultural que es la Misa de gaita y presentar a los int\u00e9rpretes. Acto seguido el P. don Francisco Donate inici\u00f3 la santa misa, pronunciando en su momento una homil\u00eda de alto contenido mariol\u00f3gico.<br \/>\nNo procede que haga demasiadas valoraciones, pero observ\u00e9 que los cantores quedaron contentos y, como suele ser habitual en la celebraci\u00f3n de la <em>Misa de gaita<\/em>, hubo asistentes visiblemente emocionados.<\/p>\n<p>El gaitero Llori\u00e1n Garc\u00eda Fl\u00f3rez, galardonado en el Festival de Lorient, music\u00f3logo y con mucha experiencia en la Misa, tuvo mucho trabajo. Adem\u00e1s de acompa\u00f1ar los cantos, se encarg\u00f3 de los <em>entemedios<\/em>, cometido que en otras ocasiones comparte con Xaime Men\u00e9ndez, el cual acompa\u00f1aba ese mismo d\u00eda a Pepe\u00b4l Mol\u00edn en una misa de gaita que se celebra tradicionalmente en Borreras (Salas), en la fiesta del Cristo. Preciosa como siempre la <em>Marcha d\u00b4Ant\u00f3n<\/em> para el Ofertorio, y vibrante y sutilmente adornado el <em>Himno regional<\/em> para la Elevaci\u00f3n.<\/p>\n<div id=\"attachment_546\" style=\"width: 620px\" class=\"wp-caption aligncenter\"><a href=\"http:\/\/fundacionvaldessalas.es\/misadegaita\/wp-content\/uploads\/2016\/09\/IMG_1280-1.jpg\"><img aria-describedby=\"caption-attachment-546\" loading=\"lazy\" class=\"wp-image-546 size-large\" src=\"http:\/\/fundacionvaldessalas.es\/misadegaita\/wp-content\/uploads\/2016\/09\/IMG_1280-1-760x1024.jpg\" alt=\"img_1280\" width=\"610\" height=\"822\" srcset=\"https:\/\/fundacionvaldessalas.es\/misadegaita\/wp-content\/uploads\/2016\/09\/IMG_1280-1-760x1024.jpg 760w, https:\/\/fundacionvaldessalas.es\/misadegaita\/wp-content\/uploads\/2016\/09\/IMG_1280-1-223x300.jpg 223w, https:\/\/fundacionvaldessalas.es\/misadegaita\/wp-content\/uploads\/2016\/09\/IMG_1280-1-768x1035.jpg 768w, https:\/\/fundacionvaldessalas.es\/misadegaita\/wp-content\/uploads\/2016\/09\/IMG_1280-1.jpg 1186w\" sizes=\"(max-width: 610px) 100vw, 610px\" \/><\/a><p id=\"caption-attachment-546\" class=\"wp-caption-text\">El gaitero Xaime Men\u00e9ndez encabeza la procesi\u00f3n del Cristo de Borreras, Salas (8 de septiembre de 2016). Foto de Pepe\u00b4l Mol\u00edn<\/p><\/div>\n<p>Como cantante invitada, el Taller cuenta desde su fundaci\u00f3n con Mari Luz Crist\u00f3bal Caunedo, gran se\u00f1ora de la canci\u00f3n asturiana, con una trayectoria llena de reconocimientos, cuya grabaci\u00f3n de la Misa en los a\u00f1os 90 es un hito imprescindible. Ella la conoci\u00f3 de ni\u00f1a y escucharla en el Gloria o en el Sanctus es una de las cosas que emocionan a cualquiera porque sabe encontrar con su voz los tesoros musicales m\u00e1s hermosos de esta tierra.<\/p>\n<div id=\"attachment_547\" style=\"width: 620px\" class=\"wp-caption aligncenter\"><a href=\"http:\/\/fundacionvaldessalas.es\/misadegaita\/wp-content\/uploads\/2016\/09\/IMG_1273-1.jpg\"><img aria-describedby=\"caption-attachment-547\" loading=\"lazy\" class=\"wp-image-547 size-large\" src=\"http:\/\/fundacionvaldessalas.es\/misadegaita\/wp-content\/uploads\/2016\/09\/IMG_1273-1-1024x626.jpg\" alt=\"img_1273\" width=\"610\" height=\"373\" srcset=\"https:\/\/fundacionvaldessalas.es\/misadegaita\/wp-content\/uploads\/2016\/09\/IMG_1273-1-1024x626.jpg 1024w, https:\/\/fundacionvaldessalas.es\/misadegaita\/wp-content\/uploads\/2016\/09\/IMG_1273-1-300x183.jpg 300w, https:\/\/fundacionvaldessalas.es\/misadegaita\/wp-content\/uploads\/2016\/09\/IMG_1273-1-768x469.jpg 768w, https:\/\/fundacionvaldessalas.es\/misadegaita\/wp-content\/uploads\/2016\/09\/IMG_1273-1.jpg 1600w\" sizes=\"(max-width: 610px) 100vw, 610px\" \/><\/a><p id=\"caption-attachment-547\" class=\"wp-caption-text\">Mari Luz Crist\u00f3bal Caunedo y el Taller \u2018Lolo Cornellana\u2019 de la Misa de gaita en el Santuario de Nuestra Se\u00f1ora del Valle (8 de septiembre de 2016). Foto de Joaqu\u00edn Valde\u00f3n<\/p><\/div>\n<p>Y no me olvido del Maestro Joaqu\u00edn Valde\u00f3n, director del Coro Universitario, que se ocupa con seguridad de todos los detalles. Por ejemplo, movi\u00f3 al coro de la ubicaci\u00f3n que se usa en el Santuario habitualmente, posicion\u00f3 al gaitero en un lugar adecuado para que no tapase a las voces y llev\u00f3 todo con la profesionalidad que le caracteriza.<\/p>\n<p>Detalle especial fue la ofrenda a la Virgen de un ramo de flores y una camiseta del equipo de f\u00fatbol local, de lo que se encargaron unos muchachos que, naturalmente, luc\u00edan los colores de su club.<\/p>\n<p>Tambi\u00e9n ocurri\u00f3 que se acabaron las hostias consagradas (aunque don Francisco dijo que de inmediato iban a traer m\u00e1s), lo que seguramente indica que la afluencia de fieles a la comuni\u00f3n fue mayor que otros a\u00f1os.<\/p>\n<p>Se interpret\u00f3 tambi\u00e9n, en este caso a cargo de los feligreses y cantores locales, el himno dedicado a la Virgen del Valle, que son\u00f3 muy conjuntado por lo bien que se lo saben, a veces con la letra en la mano, pero siempre con la m\u00fasica en la memoria sin necesidad de partitura.<\/p>\n<p>Tras la misa tuvo lugar la presentaci\u00f3n de los ni\u00f1os a la Virgen del Valle.<\/p>\n<p>Y concluyo recordando las palabras de un anciano sacerdote, can\u00f3nigo de la catedral, que dec\u00eda que las plegarias descuidadas \u201cnun pasen del tell\u00e1u\u201d. No pasan del tejado. Cierto.<\/p>\n<p>Por eso en el salmo 141 se lee:<\/p>\n<p>\u201csuba la oraci\u00f3n delante de ti como el incienso\u201d.<\/p>\n<p>O sea, que las oraciones han de pasar del tejado y llegar al cielo, a la consideraci\u00f3n de Dios y, este pasado 8 de septiembre, esperamos que tambi\u00e9n a la de Nuestra Se\u00f1ora del Valle, patrona y benefactora de Pravia, cuyos ciudadanos la veneran con una devoci\u00f3n y respeto que se transmite de generaci\u00f3n en generaci\u00f3n.<\/p>\n<p>En nombre del Taller \u2018Lolo Cornellana\u2019 de la Misa de gaita, gracias de coraz\u00f3n a todos los pravianos y pravianas por permitir que nos hayamos sumado a su alegr\u00eda. Al Ayuntamiento y a do\u00f1a Valle Iturrate, al Santuario y al p\u00e1rroco don Francisco, a la Coral Polif\u00f3nica Santiago L\u00f3pez de Pravia y a nuestro hombre en Pravia, Agust\u00edn Garc\u00eda Pire, que canta en el citado coro y en el de la misa de gaita y que es un excelente anfitri\u00f3n.<\/p>\n","protected":false},"excerpt":{"rendered":"<p>El 8 de septiembre es d\u00eda de fiesta mayor en todo el Principado. Se celebran la festividad de la Virgen de Covadonga y el D\u00eda de Asturias, lo que cubre tanto la esfera religiosa como la civil e institucional. En Pravia, adem\u00e1s, se alcanza la culminaci\u00f3n de las fiestas patronales del Cristo de la Misericordia [&hellip;]<\/p>\n","protected":false},"author":2,"featured_media":0,"comment_status":"open","ping_status":"open","sticky":false,"template":"","format":"standard","meta":[],"categories":[6],"tags":[],"_links":{"self":[{"href":"https:\/\/fundacionvaldessalas.es\/misadegaita\/wp-json\/wp\/v2\/posts\/531"}],"collection":[{"href":"https:\/\/fundacionvaldessalas.es\/misadegaita\/wp-json\/wp\/v2\/posts"}],"about":[{"href":"https:\/\/fundacionvaldessalas.es\/misadegaita\/wp-json\/wp\/v2\/types\/post"}],"author":[{"embeddable":true,"href":"https:\/\/fundacionvaldessalas.es\/misadegaita\/wp-json\/wp\/v2\/users\/2"}],"replies":[{"embeddable":true,"href":"https:\/\/fundacionvaldessalas.es\/misadegaita\/wp-json\/wp\/v2\/comments?post=531"}],"version-history":[{"count":3,"href":"https:\/\/fundacionvaldessalas.es\/misadegaita\/wp-json\/wp\/v2\/posts\/531\/revisions"}],"predecessor-version":[{"id":548,"href":"https:\/\/fundacionvaldessalas.es\/misadegaita\/wp-json\/wp\/v2\/posts\/531\/revisions\/548"}],"wp:attachment":[{"href":"https:\/\/fundacionvaldessalas.es\/misadegaita\/wp-json\/wp\/v2\/media?parent=531"}],"wp:term":[{"taxonomy":"category","embeddable":true,"href":"https:\/\/fundacionvaldessalas.es\/misadegaita\/wp-json\/wp\/v2\/categories?post=531"},{"taxonomy":"post_tag","embeddable":true,"href":"https:\/\/fundacionvaldessalas.es\/misadegaita\/wp-json\/wp\/v2\/tags?post=531"}],"curies":[{"name":"wp","href":"https:\/\/api.w.org\/{rel}","templated":true}]}}