{"id":585,"date":"2016-12-21T08:39:58","date_gmt":"2016-12-21T08:39:58","guid":{"rendered":"http:\/\/fundacionvaldessalas.es\/misadegaita\/?p=585"},"modified":"2016-12-22T08:23:45","modified_gmt":"2016-12-22T08:23:45","slug":"toya-solis-reflexiona-sobre-la-misa-de-gaita-en-el-anuario-de-la-musica-asturiana","status":"publish","type":"post","link":"https:\/\/fundacionvaldessalas.es\/misadegaita\/toya-solis-reflexiona-sobre-la-misa-de-gaita-en-el-anuario-de-la-musica-asturiana\/","title":{"rendered":"Toya Sol\u00eds reflexiona sobre la Misa de gaita en el Anuario de la M\u00fasica Asturiana"},"content":{"rendered":"<p>El<em> Anuariu de la M\u00fasica Asturiana <\/em>de 2015 (presentado en febrero de 2016) reserv\u00f3 un generoso espacio para la<em> Misa de gaita<\/em>. Dicho espacio lo ocup\u00f3 <a href=\"http:\/\/fundacionvaldessalas.es\/misadegaita\/wp-content\/uploads\/2015\/03\/la-misa-de-gaita-dasturies--toya-solis.pdf\">un art\u00edculo de Toya Sol\u00eds titulado \u201cLa Misa de gaita d\u00b4Asturies: el di\u00e1logu entre lo culto y lo popular\u201d.<\/a><\/p>\n<p>Hoy tenemos la oportunidad de ofrecerlo a nuestros seguidores pues la autora y la revista (en particular su director, Xune Elipe) nos han permitido subir a nuestro archivo documental este texto a partir de un pdf de la edici\u00f3n, lo que se agradece muy sinceramente.<\/p>\n<div id=\"attachment_586\" style=\"width: 234px\" class=\"wp-caption aligncenter\"><a href=\"http:\/\/fundacionvaldessalas.es\/misadegaita\/wp-content\/uploads\/2016\/12\/img_20161128_155856764.jpg\"><img aria-describedby=\"caption-attachment-586\" loading=\"lazy\" class=\"wp-image-586\" src=\"http:\/\/fundacionvaldessalas.es\/misadegaita\/wp-content\/uploads\/2016\/12\/img_20161128_155856764-768x1024.jpg\" width=\"224\" height=\"499\" \/><\/a><p id=\"caption-attachment-586\" class=\"wp-caption-text\">Toya Sol\u00eds. Foto: Carlos Sol\u00eds.<\/p><\/div>\n<p>La autora, Toya Sol\u00eds, es una joven music\u00f3loga y violinista avilesina, graduada en H\u00aa y Ciencias de la M\u00fasica, M\u00e1ster Universitario en Formaci\u00f3n del Profesorado y actual doctoranda, que realiz\u00f3 en 2014 su Trabajo Fin de Grado, titulado <em>La pervivencia del canto mixto en la Misa de Gaita de Asturias: el caso del credo corrido. <\/em>Este trabajo obtuvo la m\u00e1xima calificaci\u00f3n y fue presentado en el <em>III Encuentro Iberoamericano de J\u00f3venes Music\u00f3logos<\/em>, celebrado el 10 y 11 de marzo de 2016 en Sevilla. Ha sido aceptada su publicaci\u00f3n, de la que daremos cuenta cuando se produzca, pues se trata de una investigaci\u00f3n que compara credos \u201ccorridos\u201d de la tradici\u00f3n oral asturiana con las fuentes escritas en canto llano mixto (medido) de los siglos modernos, de donde proceden las versiones tradicionales que a\u00fan se escuchan en algunas partes de Asturias.<\/p>\n<div id=\"attachment_587\" style=\"width: 273px\" class=\"wp-caption aligncenter\"><a href=\"http:\/\/fundacionvaldessalas.es\/misadegaita\/wp-content\/uploads\/2016\/12\/img_20161220_0001.jpg\"><img aria-describedby=\"caption-attachment-587\" loading=\"lazy\" class=\"wp-image-587\" src=\"http:\/\/fundacionvaldessalas.es\/misadegaita\/wp-content\/uploads\/2016\/12\/img_20161220_0001-714x1024.jpg\" width=\"263\" height=\"605\" \/><\/a><p id=\"caption-attachment-587\" class=\"wp-caption-text\">Portada del Anuariu de la M\u00fasica Asturiana, 2015<\/p><\/div>\n<p>Sin embargo, el art\u00edculo del <em>Anuariu<\/em> tiene un car\u00e1cter m\u00e1s divulgativo, personal y de opini\u00f3n. Nos satisface incluirlo en nuestra secci\u00f3n de archivo para ponerlo as\u00ed a disposici\u00f3n de todos los interesados en esta bella e identitaria liturgia.<\/p>\n<p><a href=\"http:\/\/fundacionvaldessalas.es\/misadegaita\/wp-content\/uploads\/2015\/03\/la-misa-de-gaita-dasturies--toya-solis.pdf\">Pinche aqu\u00ed para acceder al documento.<\/a><\/p>\n","protected":false},"excerpt":{"rendered":"<p>El Anuariu de la M\u00fasica Asturiana de 2015 (presentado en febrero de 2016) reserv\u00f3 un generoso espacio para la Misa de gaita. Dicho espacio lo ocup\u00f3 un art\u00edculo de Toya Sol\u00eds titulado \u201cLa Misa de gaita d\u00b4Asturies: el di\u00e1logu entre lo culto y lo popular\u201d. Hoy tenemos la oportunidad de ofrecerlo a nuestros seguidores pues [&hellip;]<\/p>\n","protected":false},"author":1,"featured_media":596,"comment_status":"open","ping_status":"open","sticky":false,"template":"","format":"standard","meta":[],"categories":[3],"tags":[],"_links":{"self":[{"href":"https:\/\/fundacionvaldessalas.es\/misadegaita\/wp-json\/wp\/v2\/posts\/585"}],"collection":[{"href":"https:\/\/fundacionvaldessalas.es\/misadegaita\/wp-json\/wp\/v2\/posts"}],"about":[{"href":"https:\/\/fundacionvaldessalas.es\/misadegaita\/wp-json\/wp\/v2\/types\/post"}],"author":[{"embeddable":true,"href":"https:\/\/fundacionvaldessalas.es\/misadegaita\/wp-json\/wp\/v2\/users\/1"}],"replies":[{"embeddable":true,"href":"https:\/\/fundacionvaldessalas.es\/misadegaita\/wp-json\/wp\/v2\/comments?post=585"}],"version-history":[{"count":6,"href":"https:\/\/fundacionvaldessalas.es\/misadegaita\/wp-json\/wp\/v2\/posts\/585\/revisions"}],"predecessor-version":[{"id":598,"href":"https:\/\/fundacionvaldessalas.es\/misadegaita\/wp-json\/wp\/v2\/posts\/585\/revisions\/598"}],"wp:featuredmedia":[{"embeddable":true,"href":"https:\/\/fundacionvaldessalas.es\/misadegaita\/wp-json\/wp\/v2\/media\/596"}],"wp:attachment":[{"href":"https:\/\/fundacionvaldessalas.es\/misadegaita\/wp-json\/wp\/v2\/media?parent=585"}],"wp:term":[{"taxonomy":"category","embeddable":true,"href":"https:\/\/fundacionvaldessalas.es\/misadegaita\/wp-json\/wp\/v2\/categories?post=585"},{"taxonomy":"post_tag","embeddable":true,"href":"https:\/\/fundacionvaldessalas.es\/misadegaita\/wp-json\/wp\/v2\/tags?post=585"}],"curies":[{"name":"wp","href":"https:\/\/api.w.org\/{rel}","templated":true}]}}