{"id":600,"date":"2017-01-09T10:17:04","date_gmt":"2017-01-09T10:17:04","guid":{"rendered":"http:\/\/fundacionvaldessalas.es\/misadegaita\/?p=600"},"modified":"2022-04-11T17:57:14","modified_gmt":"2022-04-11T17:57:14","slug":"misa-asturiana-de-gaita-en-la-basilica-de-san-juan-el-real-de-oviedo","status":"publish","type":"post","link":"https:\/\/fundacionvaldessalas.es\/misadegaita\/misa-asturiana-de-gaita-en-la-basilica-de-san-juan-el-real-de-oviedo\/","title":{"rendered":"Misa asturiana de gaita en la Bas\u00edlica de San Juan el Real de Oviedo"},"content":{"rendered":"<p>El s\u00e1bado, 14 de enero, a las ocho de la tarde, se celebrar\u00e1 una <em>Misa de gaita<\/em> en la Bas\u00edlica de San Juan el Real de Oviedo, presidida por el Rvdo. P\u00e1rroco D. Francisco Javier Su\u00e1rez Fern\u00e1ndez.<\/p>\n<p>La eucarist\u00eda, que es la habitual a esta hora de los s\u00e1bados en dicho templo, estar\u00e1 cantada por el Taller \u201cLolo Cornellana\u201d de la Misa de Gaita, con la colaboraci\u00f3n especial de la cantante Mari Luz Crist\u00f3bal Caunedo, bajo la direcci\u00f3n de Joaqu\u00edn Valde\u00f3n (director del Coro Universitario de Oviedo) y el acompa\u00f1amiento a la gaita de Xaime Men\u00e9ndez.<\/p>\n<p>El Taller es una iniciativa de la Fundaci\u00f3n Vald\u00e9s Salas, entidad privada que ha sido decisiva en la investigaci\u00f3n de la <em>Misa de gaita<\/em>, en el impulso de la misma para su declaraci\u00f3n como Bien de Inter\u00e9s Cultural (BIC) y en la difusi\u00f3n hasta el d\u00eda de hoy\u00a0 de esta joya de la cultura asturiana.<\/p>\n<hr \/>\n<p>Foto de portada: Escudo de la Bas\u00edlica de San Juan el Real de Oviedo.<\/p>\n","protected":false},"excerpt":{"rendered":"<p>El s\u00e1bado, 14 de enero, a las ocho de la tarde, se celebrar\u00e1 una Misa de gaita en la Bas\u00edlica de San Juan el Real de Oviedo, presidida por el Rvdo. P\u00e1rroco D. Francisco Javier Su\u00e1rez Fern\u00e1ndez. La eucarist\u00eda, que es la habitual a esta hora de los s\u00e1bados en dicho templo, estar\u00e1 cantada por [&hellip;]<\/p>\n","protected":false},"author":1,"featured_media":601,"comment_status":"open","ping_status":"open","sticky":false,"template":"","format":"standard","meta":[],"categories":[7],"tags":[],"_links":{"self":[{"href":"https:\/\/fundacionvaldessalas.es\/misadegaita\/wp-json\/wp\/v2\/posts\/600"}],"collection":[{"href":"https:\/\/fundacionvaldessalas.es\/misadegaita\/wp-json\/wp\/v2\/posts"}],"about":[{"href":"https:\/\/fundacionvaldessalas.es\/misadegaita\/wp-json\/wp\/v2\/types\/post"}],"author":[{"embeddable":true,"href":"https:\/\/fundacionvaldessalas.es\/misadegaita\/wp-json\/wp\/v2\/users\/1"}],"replies":[{"embeddable":true,"href":"https:\/\/fundacionvaldessalas.es\/misadegaita\/wp-json\/wp\/v2\/comments?post=600"}],"version-history":[{"count":3,"href":"https:\/\/fundacionvaldessalas.es\/misadegaita\/wp-json\/wp\/v2\/posts\/600\/revisions"}],"predecessor-version":[{"id":604,"href":"https:\/\/fundacionvaldessalas.es\/misadegaita\/wp-json\/wp\/v2\/posts\/600\/revisions\/604"}],"wp:featuredmedia":[{"embeddable":true,"href":"https:\/\/fundacionvaldessalas.es\/misadegaita\/wp-json\/wp\/v2\/media\/601"}],"wp:attachment":[{"href":"https:\/\/fundacionvaldessalas.es\/misadegaita\/wp-json\/wp\/v2\/media?parent=600"}],"wp:term":[{"taxonomy":"category","embeddable":true,"href":"https:\/\/fundacionvaldessalas.es\/misadegaita\/wp-json\/wp\/v2\/categories?post=600"},{"taxonomy":"post_tag","embeddable":true,"href":"https:\/\/fundacionvaldessalas.es\/misadegaita\/wp-json\/wp\/v2\/tags?post=600"}],"curies":[{"name":"wp","href":"https:\/\/api.w.org\/{rel}","templated":true}]}}