{"id":615,"date":"2017-01-26T16:35:47","date_gmt":"2017-01-26T16:35:47","guid":{"rendered":"http:\/\/fundacionvaldessalas.es\/misadegaita\/?p=615"},"modified":"2022-04-11T17:57:04","modified_gmt":"2022-04-11T17:57:04","slug":"la-misa-que-ilumina","status":"publish","type":"post","link":"https:\/\/fundacionvaldessalas.es\/misadegaita\/la-misa-que-ilumina\/","title":{"rendered":"La misa que ilumina"},"content":{"rendered":"<p>La Bas\u00edlica de San Juan el Real de Oviedo se llen\u00f3 el pasado s\u00e1bado, 14 de enero, de parroquianos y otros asistentes que acudieron a la habitual misa de las ocho, revestida en esta ocasi\u00f3n con los sones inconfundibles de la <em>Misa de gaita<\/em>.<\/p>\n<div id=\"attachment_616\" style=\"width: 515px\" class=\"wp-caption aligncenter\"><a href=\"http:\/\/fundacionvaldessalas.es\/misadegaita\/wp-content\/uploads\/2017\/01\/2017-01-14-photo-00002400.jpg\"><img aria-describedby=\"caption-attachment-616\" loading=\"lazy\" class=\"wp-image-616\" src=\"http:\/\/fundacionvaldessalas.es\/misadegaita\/wp-content\/uploads\/2017\/01\/2017-01-14-photo-00002400-1024x576.jpg\" width=\"505\" height=\"263\" \/><\/a><p id=\"caption-attachment-616\" class=\"wp-caption-text\">El Taller Lolo Cornellana con don Francisco Javier, p\u00e1rroco de San Juan.<\/p><\/div>\n<p>La interpretaci\u00f3n musical corri\u00f3 a cargo del Taller Lolo Cornellana, con la participaci\u00f3n siempre magistral de la gran cantante Mari Luz Crist\u00f3bal Caunedo. A la gaita, Xaime Men\u00e9ndez, que tuvo un importante papel tanto acompa\u00f1ando como a solo en los <em>entemedios<\/em>. En la direcci\u00f3n, el maestro Joaqu\u00edn Valde\u00f3n, siempre muy solvente y a gusto con su equipo. Y Pepe\u00b4l Mol\u00edn, veterano cantante de la misa, como solista dentro de la formaci\u00f3n coral.<\/p>\n<div id=\"attachment_617\" style=\"width: 453px\" class=\"wp-caption aligncenter\"><a href=\"http:\/\/fundacionvaldessalas.es\/misadegaita\/wp-content\/uploads\/2017\/01\/2017-01-14-photo-00002405.jpg\"><img aria-describedby=\"caption-attachment-617\" loading=\"lazy\" class=\"wp-image-617\" src=\"http:\/\/fundacionvaldessalas.es\/misadegaita\/wp-content\/uploads\/2017\/01\/2017-01-14-photo-00002405-760x1024.jpg\" width=\"443\" height=\"637\" \/><\/a><p id=\"caption-attachment-617\" class=\"wp-caption-text\">La Bas\u00edlica de San Juan vista desde el coro el d\u00eda de la Misa de gaita.<\/p><\/div>\n<p><a href=\"http:\/\/fundacionvaldessalas.es\/misadegaita\/wp-content\/uploads\/2015\/03\/2017-01-15-la-misa-de-gaita-ilumina-san-juan.pdf\">El diario <em>La Nueva Espa\u00f1a<\/em> se hizo eco<\/a> de la celebraci\u00f3n y no s\u00f3lo la anunci\u00f3 sino que public\u00f3 una hermosa cr\u00f3nica de \u00c1ngel Fidalgo y fotos de Miki L\u00f3pez, cuyo t\u00edtulo (parafraseado para encabezar esta noticia) es harto significativo: \u201cLa misa de gaita ilumina San Juan\u201d.<\/p>\n<p>Subimos a nuestra hemeroteca este documento, as\u00ed como la <a href=\"http:\/\/fundacionvaldessalas.es\/misadegaita\/wp-content\/uploads\/2015\/03\/hoja-parroquial-san-juan-22_01_n.pdf\">Hoja Parroquial de San Juan<\/a> donde tambi\u00e9n se dedica un texto muy cordial a la emotiva celebraci\u00f3n eucar\u00edstica, ofrecida por otra parte en sufragio por el alma de los inolvidables Lolo Cornellana y Manolo Quir\u00f3s, cuyas viudas, Mari Carmen y Aurora (esta \u00faltima cantante en el coro) estaban all\u00ed presentes.<\/p>\n<p>Adem\u00e1s, en nuestra secci\u00f3n de archivo ya est\u00e1 disponible\u00a0<a href=\"http:\/\/fundacionvaldessalas.es\/misadegaita\/wp-content\/uploads\/2015\/03\/misa-de-san-juan.pdf\">el programa editado para la ocasi\u00f3n<\/a>, que contiene informaci\u00f3n sobre la Misa, el Taller y el car\u00e1cter de Bien de Inter\u00e9s Cultural de esta liturgia popular.<\/p>\n<p>La Fundaci\u00f3n Vald\u00e9s Salas y el Taller Lolo Cornellana de la Misa de gaita agradecen desde esta web la hosp\u00ectalidad ofrecida en este templo ovetense, muy en especial la de su p\u00e1rroco, don Francisco Javier Su\u00e1rez Fern\u00e1ndez.<\/p>\n","protected":false},"excerpt":{"rendered":"<p>La Bas\u00edlica de San Juan el Real de Oviedo se llen\u00f3 el pasado s\u00e1bado, 14 de enero, de parroquianos y otros asistentes que acudieron a la habitual misa de las ocho, revestida en esta ocasi\u00f3n con los sones inconfundibles de la Misa de gaita. La interpretaci\u00f3n musical corri\u00f3 a cargo del Taller Lolo Cornellana, con [&hellip;]<\/p>\n","protected":false},"author":1,"featured_media":616,"comment_status":"open","ping_status":"open","sticky":false,"template":"","format":"standard","meta":[],"categories":[7],"tags":[],"_links":{"self":[{"href":"https:\/\/fundacionvaldessalas.es\/misadegaita\/wp-json\/wp\/v2\/posts\/615"}],"collection":[{"href":"https:\/\/fundacionvaldessalas.es\/misadegaita\/wp-json\/wp\/v2\/posts"}],"about":[{"href":"https:\/\/fundacionvaldessalas.es\/misadegaita\/wp-json\/wp\/v2\/types\/post"}],"author":[{"embeddable":true,"href":"https:\/\/fundacionvaldessalas.es\/misadegaita\/wp-json\/wp\/v2\/users\/1"}],"replies":[{"embeddable":true,"href":"https:\/\/fundacionvaldessalas.es\/misadegaita\/wp-json\/wp\/v2\/comments?post=615"}],"version-history":[{"count":6,"href":"https:\/\/fundacionvaldessalas.es\/misadegaita\/wp-json\/wp\/v2\/posts\/615\/revisions"}],"predecessor-version":[{"id":623,"href":"https:\/\/fundacionvaldessalas.es\/misadegaita\/wp-json\/wp\/v2\/posts\/615\/revisions\/623"}],"wp:featuredmedia":[{"embeddable":true,"href":"https:\/\/fundacionvaldessalas.es\/misadegaita\/wp-json\/wp\/v2\/media\/616"}],"wp:attachment":[{"href":"https:\/\/fundacionvaldessalas.es\/misadegaita\/wp-json\/wp\/v2\/media?parent=615"}],"wp:term":[{"taxonomy":"category","embeddable":true,"href":"https:\/\/fundacionvaldessalas.es\/misadegaita\/wp-json\/wp\/v2\/categories?post=615"},{"taxonomy":"post_tag","embeddable":true,"href":"https:\/\/fundacionvaldessalas.es\/misadegaita\/wp-json\/wp\/v2\/tags?post=615"}],"curies":[{"name":"wp","href":"https:\/\/api.w.org\/{rel}","templated":true}]}}