{"id":627,"date":"2017-02-01T12:38:07","date_gmt":"2017-02-01T12:38:07","guid":{"rendered":"http:\/\/fundacionvaldessalas.es\/misadegaita\/?p=627"},"modified":"2022-04-11T17:53:14","modified_gmt":"2022-04-11T17:53:14","slug":"pinturas-restauradas-y-misa-de-gaita-en-santo-adriano-de-tunon","status":"publish","type":"post","link":"https:\/\/fundacionvaldessalas.es\/misadegaita\/pinturas-restauradas-y-misa-de-gaita-en-santo-adriano-de-tunon\/","title":{"rendered":"Pinturas restauradas y Misa de gaita en Santo Adriano de Tu\u00f1\u00f3n"},"content":{"rendered":"<p>El pasado domingo, 29 de enero, tuvo lugar una doble celebraci\u00f3n en Santo Adriano de Tu\u00f1\u00f3n. A partir de las 16h, el templo prerrom\u00e1nico, que cumpl\u00eda 1126 a\u00f1os, abr\u00eda sus puertas para recibir a todo aqu\u00e9l deseoso de comprobar el buen resultado de la restauraci\u00f3n de las pinturas y para participar en la Misa de Gaita, que pondr\u00eda la guinda a esta tarde tan especial.<\/p>\n<p>Desde el n\u00e1rtex ya se pod\u00edan admirar las pinturas del presbiterio, abundante y cuidadosamente iluminadas. Llori\u00e1n Garc\u00eda Fl\u00f3rez realizar\u00eda una peque\u00f1a introducci\u00f3n sobre la Misa de Gaita, instando a una escucha m\u00e1s participativa y aludiendo al car\u00e1cter funcional de la m\u00fasica. A continuaci\u00f3n, los oficiantes (presididos por el vicario general, Jorge Juan Fern\u00e1ndez Sangrador) ocupar\u00edan sus puestos; a contraluz, en la parte izquierda y delantera del altar, ya en el crucero, vislumbramos a la cantante de asturianada Mari Luz Crist\u00f3bal Caunedo, y al gaitero ya citado. Casi en la sombra, pero con una presencia contundente y materializada en un sonido c\u00e1lido, la gaita en <em><i>do<\/i><\/em> arranca con la Marcha procesional de Belmonte.<\/p>\n<div id=\"attachment_629\" style=\"width: 508px\" class=\"wp-caption aligncenter\"><a href=\"http:\/\/fundacionvaldessalas.es\/misadegaita\/wp-content\/uploads\/2017\/02\/2017-01-30-photo-00000561.jpg\"><img aria-describedby=\"caption-attachment-629\" loading=\"lazy\" class=\"wp-image-629 \" src=\"http:\/\/fundacionvaldessalas.es\/misadegaita\/wp-content\/uploads\/2017\/02\/2017-01-30-photo-00000561-768x1024.jpg\" width=\"498\" height=\"640\" \/><\/a><p id=\"caption-attachment-629\" class=\"wp-caption-text\">Mari Luz Crist\u00f3bal Caunedo y Llori\u00e1n Garc\u00eda Fl\u00f3rez en Santo Adriano de Tu\u00f1\u00f3n<\/p><\/div>\n<p>La iglesia estaba abarrotada de gente que iba calmando su expectaci\u00f3n seg\u00fan se suced\u00edan las partes de la misa, creciendo la emotividad, casi en proporci\u00f3n inversa. En el <em><i>Kyrie<\/i><\/em> y el Gloria, los melismas de Mari Luz dialogaban con la gaita en <em><i>la<\/i><\/em> de Llori\u00e1n, de timbre aterciopelado y din\u00e1micas sutiles. En contraposici\u00f3n, los <em><i>entemedios<\/i><\/em> ser\u00edan interpretados de forma m\u00e1s agresiva y con un vibrato m\u00e1s marcado. El <em><i>Himno de Asturies<\/i><\/em> en la Consagraci\u00f3n, sumado a las palabras de los oficiantes, emocionar\u00eda a una congregaci\u00f3n agradecida.<\/p>\n<p>En ning\u00fan momento se dej\u00f3 de recordar el motivo de la reuni\u00f3n, referente a la restauraci\u00f3n de la iglesia prerrom\u00e1nica y al cuidado del patrimonio en general. En primera fila, las autoridades, a destacar, el consejero de Educaci\u00f3n y Cultura Genaro Alonso, la directora general del Patrimonio Cultural Otilia Requejo, y el alcalde de Santo Adriano, Juan Jos\u00e9 \u00c1lvarez Fern\u00e1ndez.<\/p>\n<p>Sin olvidar a los restauradores Luisa Garc\u00eda y Eduardo Mendoza, resulta imprescindible el papel de los habitantes del pueblo, como Fina Alonso, que se dedic\u00f3 a cuidar de la iglesia durante a\u00f1os. Fina recalcaba que parte de la conservaci\u00f3n del edificio depende de una actividad ritual asidua. Del mismo modo, la Misa de Gaita, Bien de Inter\u00e9s Cultural desde 2014, precisa de ser interpretada para su mantenimiento. Cuando se airea el patrimonio, ya sea en sentido metaf\u00f3rico o literal, y se participa de \u00e9l, se le est\u00e1 dando vida, aludiendo a su uso y funci\u00f3n, como ocurri\u00f3 el pasado domingo en este pueblo asturiano de unos 250 habitantes.<\/p>\n<hr \/>\n<p>Texto y fotos de Toya Sol\u00eds<\/p>\n","protected":false},"excerpt":{"rendered":"<p>El pasado domingo, 29 de enero, tuvo lugar una doble celebraci\u00f3n en Santo Adriano de Tu\u00f1\u00f3n. A partir de las 16h, el templo prerrom\u00e1nico, que cumpl\u00eda 1126 a\u00f1os, abr\u00eda sus puertas para recibir a todo aqu\u00e9l deseoso de comprobar el buen resultado de la restauraci\u00f3n de las pinturas y para participar en la Misa de [&hellip;]<\/p>\n","protected":false},"author":7,"featured_media":628,"comment_status":"open","ping_status":"open","sticky":false,"template":"","format":"standard","meta":[],"categories":[6,3],"tags":[],"_links":{"self":[{"href":"https:\/\/fundacionvaldessalas.es\/misadegaita\/wp-json\/wp\/v2\/posts\/627"}],"collection":[{"href":"https:\/\/fundacionvaldessalas.es\/misadegaita\/wp-json\/wp\/v2\/posts"}],"about":[{"href":"https:\/\/fundacionvaldessalas.es\/misadegaita\/wp-json\/wp\/v2\/types\/post"}],"author":[{"embeddable":true,"href":"https:\/\/fundacionvaldessalas.es\/misadegaita\/wp-json\/wp\/v2\/users\/7"}],"replies":[{"embeddable":true,"href":"https:\/\/fundacionvaldessalas.es\/misadegaita\/wp-json\/wp\/v2\/comments?post=627"}],"version-history":[{"count":2,"href":"https:\/\/fundacionvaldessalas.es\/misadegaita\/wp-json\/wp\/v2\/posts\/627\/revisions"}],"predecessor-version":[{"id":631,"href":"https:\/\/fundacionvaldessalas.es\/misadegaita\/wp-json\/wp\/v2\/posts\/627\/revisions\/631"}],"wp:featuredmedia":[{"embeddable":true,"href":"https:\/\/fundacionvaldessalas.es\/misadegaita\/wp-json\/wp\/v2\/media\/628"}],"wp:attachment":[{"href":"https:\/\/fundacionvaldessalas.es\/misadegaita\/wp-json\/wp\/v2\/media?parent=627"}],"wp:term":[{"taxonomy":"category","embeddable":true,"href":"https:\/\/fundacionvaldessalas.es\/misadegaita\/wp-json\/wp\/v2\/categories?post=627"},{"taxonomy":"post_tag","embeddable":true,"href":"https:\/\/fundacionvaldessalas.es\/misadegaita\/wp-json\/wp\/v2\/tags?post=627"}],"curies":[{"name":"wp","href":"https:\/\/api.w.org\/{rel}","templated":true}]}}