{"id":737,"date":"2017-10-01T14:11:38","date_gmt":"2017-10-01T14:11:38","guid":{"rendered":"http:\/\/fundacionvaldessalas.es\/misadegaita\/?p=737"},"modified":"2017-10-07T12:34:40","modified_gmt":"2017-10-07T12:34:40","slug":"lolo-el-de-cornellana-cantor-entre-dos-siglos","status":"publish","type":"post","link":"https:\/\/fundacionvaldessalas.es\/misadegaita\/lolo-el-de-cornellana-cantor-entre-dos-siglos\/","title":{"rendered":"Lolo el de Cornellana, cantor entre dos siglos"},"content":{"rendered":"<p>Juan Manuel Men\u00e9ndez Gonz\u00e1lez, mucho m\u00e1s conocido como \u201cLolo el de Cornellana\u201d, naci\u00f3 en Cornellana, concejo de Salas, el 4 de marzo de 1950 y sinti\u00f3 la afici\u00f3n por la m\u00fasica desde muy temprana edad. A Lolo le gustaba cantar desde muy peque\u00f1o, aunque sus primeras vivencias en este terreno ni siquiera las recordaba, sino que se las contaron tiempo despu\u00e9s. Es el caso, por ejemplo, de una cabalgata de Reyes en la que iba a cantar y con el susto de tanto preparativo le result\u00f3 imposible abrir la boca. O la foto, hoy perdida, en la que aparec\u00eda, de ni\u00f1o, sentado en las piernas del entonces gobernador civil de Asturias, Labadie Oterm\u00edn, ante quien le llevaron a cantar en Casa Grana (Cornellana).<\/p>\n<p>Dos monjas madrile\u00f1as que pasaban los veranos en Cornellana le ense\u00f1aron algunos rudimentos musicales y empez\u00f3 a sentirse bien en el \u00e1mbito eclesi\u00e1stico, aunque tuvo una educaci\u00f3n sin el rigorismo religioso tan propio de la \u00e9poca, acaso en parte porque su maestro, Manuel Antonio Arias, sab\u00eda llevar con dignidad su desafecci\u00f3<a href=\"http:\/\/fundacionvaldessalas.es\/misadegaita\/wp-content\/uploads\/2017\/09\/attachment-1.jpeg\"><img loading=\"lazy\" class=\"alignright wp-image-739 \" src=\"http:\/\/fundacionvaldessalas.es\/misadegaita\/wp-content\/uploads\/2017\/09\/attachment-1-300x261.jpeg\" alt=\"\" width=\"362\" height=\"329\" \/><\/a>n al r\u00e9gimen franquista.<\/p>\n<p>Lolo hace el bachiller superior en la Universidad Laboral de Alcal\u00e1 de Henares, donde hab\u00eda un coro pr\u00e1cticamente vasco-asturiano. Cursa Magisterio en Oviedo, donde tambi\u00e9n exist\u00eda una agrupaci\u00f3n coral a fines de los sesenta. La m\u00fasica coral es una de las grandes actividades y pasiones musicales de Lolo y su ejecutoria en este terreno es m\u00e1s que notable. Su vida laboral est\u00e1 centrada en la Caja de Ahorros de Asturias, hoy Liberbank. Fue subdirector de varias sucursales ovetenses, cerrando su trayectoria bancaria, en 2011, en la de Ur\u00eda. En los a\u00f1os 70 form\u00f3 parte del coro de la entidad bancaria y posteriormente del coro La Ferrer\u00eda hasta su disoluci\u00f3n.<\/p>\n<p>Su afici\u00f3n por la <em>Misa de gaita<\/em> data de muy joven.<em> Contaba Lolo a sus allegados: \u201ca m\u00ed toc\u00f3me escuchala con el \u2018Credo\u2019 y a m\u00ed siempre me llamaba la atenci\u00f3n el \u2018Et incarnatus\u2019. Y lo destacaban de la \u00fanica manera en que se pod\u00eda destacar en una Misa de gaita, que era tapando el punteru de la gaita y quedaba el ronc\u00f3n na m\u00e1s. Ent\u00f3s cantaba el cantor y ah\u00ed depend\u00eda un poco del arte que tuviera. Era una cosa impresionante. En una iglesia un poco grande, sobrecog\u00eda; en la de Cornellana, por ejemplo.Corr\u00eda el a\u00f1o setenta o sesenta y pico. A lo mejor sub\u00edan a cantar [al coro] seis o siete cantores\u201d.<\/em><\/p>\n<p>Su debut no pudo haber sido m\u00e1s imprevisto. Tras seguir a diversos cantores por el concejo y habiendo entablado amistad con el c\u00e9lebre don Ram\u00f3n, sacerdote y cantante \u00fanico de la <em>Misa de gaita<\/em>, \u00e9ste le mand\u00f3 un d\u00eda, en plena misa, que hiciese el primer verso tras el \u201cGloria in excelsis Deo\u201c, es decir, la primera intervenci\u00f3n de los cantores. Por supuesto, Lolo no sab\u00eda nada de este plan ni hab\u00eda podido ensayar, pero el cura lo tranquiliz\u00f3, como diciendo que all\u00ed estaba \u00e9l por si hab\u00eda dificultades. Fue en 1970 y no hubo ning\u00fan problema. Lolo cant\u00f3 la <em>Misa de gaita<\/em>, durante cuarenta a\u00f1os, interpret\u00e1ndola cada a\u00f1o m\u00e1s de diez veces por t\u00e9rmino medio. Las m\u00e1s de las veces cantando desinteresadamente, por cercan\u00eda y amistad con las gentes del lugar donde se celebra la misa, las cuales siempre ten\u00edan con \u00e9l alg\u00fan detalle en forma de productos de la rica tierra salense. En este concejo era habitual oirlo cantar la misa en San Juan en Cornellana, San Marcelo, Borreras, Figares, Loris, Santue\u00f1a, Santa Eufemia, Santa Tecla, San Luis y Alava . Con sesenta a\u00f1os no se pueden tener las mismas facultades que con cuarenta, pero es innegable que aun proyectaba su voz abaritonada con gusto exquisito y magn\u00edfica afinaci\u00f3n, con el timbre inconfundible de quien tambi\u00e9n sabe cantar tonada perfectamente. Era, adem\u00e1s, un archivo vivo y memorioso de la <em>Misa de gaita<\/em>.<\/p>\n<p>El entusiasmo de Lolo era contagioso, de forma que supo convencer a algunos amigos para que aprendieran a cantar la <em>Misa de gaita<\/em>. S\u00f3lo uno, sin embargo, la canta de manera sistem\u00e1tica, Pepe`l Mol\u00edn de Cornellana.<\/p>\n<p>&nbsp;<\/p>\n<p>Su dilatada trayectoria como cantor de la misa le permiti\u00f3 disfrutar del acompa\u00f1amiento de numerosos gaiteros en una simbiosis m\u00fasical mutuamente enriquecedora : Tino el de Pravia, Francisco Men\u00e9ndez, gaitero de God\u00e1n, mas conocido<a href=\"http:\/\/fundacionvaldessalas.es\/misadegaita\/wp-content\/uploads\/2017\/10\/imgp0887.jpg\"><img loading=\"lazy\" class=\"alignright wp-image-748 \" src=\"http:\/\/fundacionvaldessalas.es\/misadegaita\/wp-content\/uploads\/2017\/10\/imgp0887-300x225.jpg\" alt=\"\" width=\"390\" height=\"304\" \/><\/a> como Pariba\u00f1es o Pereba\u00f1es, Manolo Quir\u00f3s al que le un\u00eda una gran amistad y con el que cantaba misas no solo en el concejo de Salas sino tambi\u00e9n en el concejo de Quir\u00f3s y en el de Cangas del Narcea, en el pueblo natal del tenor Joaqu\u00edn Pix\u00e1n, gran amigo de ambos. En los \u00faltimos a\u00f1os, fue acompa\u00f1ado por los hermanos salenses B\u00e1rbara y Xaime Men\u00e9ndez. \u00c9ste \u00faltimo sigue con el legado y la tradici\u00f3n de la misa de gaita no solo acompa\u00f1ando int\u00e9rpretes en el concejo de Salas sino que adem\u00e1s siendo uno de los gaiteros que forma parte del Taller \u201cLolo Cornellana\u201d. Este taller fue creado en septiembre de 2013, en el seno del Aula Vald\u00e9s Salas de la Universidad de Oviedo y por iniciativa de la Fundaci\u00f3n Vald\u00e9s Salas. El Taller, dirigido por Joaqu\u00edn Valde\u00f3n , director del coro Universitario de Oviedo, est\u00e1 concebido con una finalidad eminentemente pr\u00e1ctica. Se realizan sesiones peri\u00f3dicas de ensayos y ya se han cantado misas en\u00a0 Cornellana, Gij\u00f3n, Avil\u00e9s, Covadonga, B\u00e1rcena de Monasterio,\u00a0 Tineo, Salas, Pravia, Madrid y recientemente en Valdedi\u00f3s.<\/p>\n<p>Los cantores del Taller no constituyen en ning\u00fan caso un conjunto profesional. Algunos, como Pepe\u00b4l Mol\u00edn cuentan con d\u00e9cadas de experiencia y la saben transmitir a aquellos que la cantan por primera vez. Hay miembros que representan la tercera y cuarta generaci\u00f3n de cantores de la misa en la familia y forman parte de \u00e9l la viuda e hija de Lolo.<\/p>\n<p>Miembro destacado del taller es Mari Luz Crist\u00f3bal Caunedo, invitada desde su primera sesi\u00f3n, aut\u00e9ntica gran se\u00f1ora de la canci\u00f3n asturiana y cantante veterana de la Misa de gaita, que conoci\u00f3 de ni\u00f1a en tierras de Salas, y grab\u00f3 con el Gaitero de Veri\u00f1a en 1998.<\/p>\n<p>Los principales objetivos de esta agrupaci\u00f3n son: servir dignamente a la liturgia, ampliar el n\u00famero de cantores de la Misa de gaita activos en nuestra regi\u00f3n y contribuir, en fin, a la revaluaci\u00f3n de la Misa de gaita con criterio musical y fundamento hist\u00f3rico y lleva el nombre de Lolo, como homenaje al que fue por dedicaci\u00f3n, calidad y conocimiento de causa el int\u00e9rprete de referencia en la transici\u00f3n del pasado al actual siglo, consiguiendo dar continuidad a una tradici\u00f3n que pasaba por dificultades, en parte debidas a las consecuencias del Concilio Vaticano II y en parte causadas por las propias transformaciones de la sociedad. Por eso, no s\u00f3lo Salas, sino tambi\u00e9n todos los amantes de la cultura popular asturiana han de estarle agradecidos.<a href=\"#_ftnref1\" name=\"_ftn1\"><\/a><\/p>\n<hr \/>\n<p>Nota: el texto anterior est\u00e1 basado en buena\u00a0parte en los escritos de \u00c1ngel Medina sobre Lolo el de Cornellana, algunos publicados\u00a0en esta misma web y tambi\u00e9n, muy especialmente, en su libro <i>La misa de gaita. Hibridaciones sacroasturianas<\/i>. Gij\u00f3n,\u00a0Museo del Pueblo de Asturias y Fundaci\u00f3n Vald\u00e9s Salas, 2012. Se han extractado diversos pasajes sin haber recurrido a la cita, para no cargar el texto de notas, con plena autorizaci\u00f3n del autor.<\/p>\n","protected":false},"excerpt":{"rendered":"<p>Juan Manuel Men\u00e9ndez Gonz\u00e1lez, mucho m\u00e1s conocido como \u201cLolo el de Cornellana\u201d, naci\u00f3 en Cornellana, concejo de Salas, el 4 de marzo de 1950 y sinti\u00f3 la afici\u00f3n por la m\u00fasica desde muy temprana edad. A Lolo le gustaba cantar desde muy peque\u00f1o, aunque sus primeras vivencias en este terreno ni siquiera las recordaba, sino [&hellip;]<\/p>\n","protected":false},"author":8,"featured_media":745,"comment_status":"open","ping_status":"open","sticky":false,"template":"","format":"standard","meta":[],"categories":[6],"tags":[],"_links":{"self":[{"href":"https:\/\/fundacionvaldessalas.es\/misadegaita\/wp-json\/wp\/v2\/posts\/737"}],"collection":[{"href":"https:\/\/fundacionvaldessalas.es\/misadegaita\/wp-json\/wp\/v2\/posts"}],"about":[{"href":"https:\/\/fundacionvaldessalas.es\/misadegaita\/wp-json\/wp\/v2\/types\/post"}],"author":[{"embeddable":true,"href":"https:\/\/fundacionvaldessalas.es\/misadegaita\/wp-json\/wp\/v2\/users\/8"}],"replies":[{"embeddable":true,"href":"https:\/\/fundacionvaldessalas.es\/misadegaita\/wp-json\/wp\/v2\/comments?post=737"}],"version-history":[{"count":10,"href":"https:\/\/fundacionvaldessalas.es\/misadegaita\/wp-json\/wp\/v2\/posts\/737\/revisions"}],"predecessor-version":[{"id":751,"href":"https:\/\/fundacionvaldessalas.es\/misadegaita\/wp-json\/wp\/v2\/posts\/737\/revisions\/751"}],"wp:featuredmedia":[{"embeddable":true,"href":"https:\/\/fundacionvaldessalas.es\/misadegaita\/wp-json\/wp\/v2\/media\/745"}],"wp:attachment":[{"href":"https:\/\/fundacionvaldessalas.es\/misadegaita\/wp-json\/wp\/v2\/media?parent=737"}],"wp:term":[{"taxonomy":"category","embeddable":true,"href":"https:\/\/fundacionvaldessalas.es\/misadegaita\/wp-json\/wp\/v2\/categories?post=737"},{"taxonomy":"post_tag","embeddable":true,"href":"https:\/\/fundacionvaldessalas.es\/misadegaita\/wp-json\/wp\/v2\/tags?post=737"}],"curies":[{"name":"wp","href":"https:\/\/api.w.org\/{rel}","templated":true}]}}