{"id":760,"date":"2017-12-18T16:04:16","date_gmt":"2017-12-18T16:04:16","guid":{"rendered":"http:\/\/fundacionvaldessalas.es\/misadegaita\/?p=760"},"modified":"2022-04-11T17:55:26","modified_gmt":"2022-04-11T17:55:26","slug":"misa-de-gaita-en-la-presentacion-de-las-pinturas-murales-de-moru","status":"publish","type":"post","link":"https:\/\/fundacionvaldessalas.es\/misadegaita\/misa-de-gaita-en-la-presentacion-de-las-pinturas-murales-de-moru\/","title":{"rendered":"Misa de gaita en la presentaci\u00f3n de las pinturas murales de Moru"},"content":{"rendered":"<p><a href=\"http:\/\/fundacionvaldessalas.es\/misadegaita\/wp-content\/uploads\/2017\/12\/image1.png\"><img loading=\"lazy\" class=\"aligncenter size-full wp-image-761\" src=\"http:\/\/fundacionvaldessalas.es\/misadegaita\/wp-content\/uploads\/2017\/12\/image1.png\" alt=\"\" width=\"640\" height=\"380\" srcset=\"https:\/\/fundacionvaldessalas.es\/misadegaita\/wp-content\/uploads\/2017\/12\/image1.png 640w, https:\/\/fundacionvaldessalas.es\/misadegaita\/wp-content\/uploads\/2017\/12\/image1-300x178.png 300w\" sizes=\"(max-width: 640px) 100vw, 640px\" \/><\/a>El domingo, 17 de diciembre, el Taller Lolo Cornellana cant\u00f3 la <em>Misa de gaita<\/em> que tuvo lugar en la iglesia de San Salvador de Moru (Noc\u00e9u, Ribadesella), dentro de los actos de presentaci\u00f3n de la restauraci\u00f3n de las pinturas murales de dicho templo. Presidi\u00f3 la eucarist\u00eda el se\u00f1or abad de Covadonga, don Adolfo Mari\u00f1o, que tuvo hermosas palabras para esta liturgia popular. Asisti\u00f3, entre otras personalidades, la Directora General de Patrimonio, Otilia Requejo. Desde esta web se hace llegar la m\u00e1s sincera felicitaci\u00f3n a cuantos han venido participando en la reconstrucci\u00f3n de dicha iglesia y de las valiosas pinturas murales que la adornan, muy en especial a la Asociaci\u00f3n Cultural Iglesia Moru, presidida por Ana Fern\u00e1ndez, as\u00ed como al ayuntamiento de Ribadesella, cuya alcaldesa y la concejala de Cultura, Charo Fern\u00e1ndez Rom\u00e1n y Mar\u00eda Jos\u00e9 Bode, respectivamente, estuvieron presentes.<\/p>\n<p>En esta jornada se enfatiz\u00f3 el propio valor del patrimonio pict\u00f3rico y arquitect\u00f3nico que se hab\u00eda restaurado con las plegarias cantadas de un patrimonio inmaterial, declarado Bien de Inter\u00e9s Cultural en 2014, que ha llegado ante nosotros con no menos siglos de historia a sus espaldas. Los int\u00e9rpretes fueron: Mari Luz Crist\u00f3bal Caunedo (cantante solista de absoluta referencia), Xaime Men\u00e9ndez y Llori\u00e1n Garc\u00eda Fl\u00f3rez (gaiteros), el coro del Taller \u201cLolo Cornellana\u201d de la Misa de gaita (con Pepe&#8217;l Mol\u00edn de solista en el Kyrie), todos ellos dirigidos por el maestro Joaqu\u00edn Valde\u00f3n, que pronunci\u00f3 tambi\u00e9n unas palabras de presentaci\u00f3n sobre esta reliquia de la religiosidad popular asturiana.<\/p>\n<hr \/>\n<h6>Foto cortes\u00eda de Joaqu\u00edn Valde\u00f3n<\/h6>\n","protected":false},"excerpt":{"rendered":"<p>El domingo, 17 de diciembre, el Taller Lolo Cornellana cant\u00f3 la Misa de gaita que tuvo lugar en la iglesia de San Salvador de Moru (Noc\u00e9u, Ribadesella), dentro de los actos de presentaci\u00f3n de la restauraci\u00f3n de las pinturas murales de dicho templo. Presidi\u00f3 la eucarist\u00eda el se\u00f1or abad de Covadonga, don Adolfo Mari\u00f1o, que [&hellip;]<\/p>\n","protected":false},"author":1,"featured_media":761,"comment_status":"open","ping_status":"open","sticky":false,"template":"","format":"standard","meta":[],"categories":[7],"tags":[],"_links":{"self":[{"href":"https:\/\/fundacionvaldessalas.es\/misadegaita\/wp-json\/wp\/v2\/posts\/760"}],"collection":[{"href":"https:\/\/fundacionvaldessalas.es\/misadegaita\/wp-json\/wp\/v2\/posts"}],"about":[{"href":"https:\/\/fundacionvaldessalas.es\/misadegaita\/wp-json\/wp\/v2\/types\/post"}],"author":[{"embeddable":true,"href":"https:\/\/fundacionvaldessalas.es\/misadegaita\/wp-json\/wp\/v2\/users\/1"}],"replies":[{"embeddable":true,"href":"https:\/\/fundacionvaldessalas.es\/misadegaita\/wp-json\/wp\/v2\/comments?post=760"}],"version-history":[{"count":8,"href":"https:\/\/fundacionvaldessalas.es\/misadegaita\/wp-json\/wp\/v2\/posts\/760\/revisions"}],"predecessor-version":[{"id":769,"href":"https:\/\/fundacionvaldessalas.es\/misadegaita\/wp-json\/wp\/v2\/posts\/760\/revisions\/769"}],"wp:featuredmedia":[{"embeddable":true,"href":"https:\/\/fundacionvaldessalas.es\/misadegaita\/wp-json\/wp\/v2\/media\/761"}],"wp:attachment":[{"href":"https:\/\/fundacionvaldessalas.es\/misadegaita\/wp-json\/wp\/v2\/media?parent=760"}],"wp:term":[{"taxonomy":"category","embeddable":true,"href":"https:\/\/fundacionvaldessalas.es\/misadegaita\/wp-json\/wp\/v2\/categories?post=760"},{"taxonomy":"post_tag","embeddable":true,"href":"https:\/\/fundacionvaldessalas.es\/misadegaita\/wp-json\/wp\/v2\/tags?post=760"}],"curies":[{"name":"wp","href":"https:\/\/api.w.org\/{rel}","templated":true}]}}