{"id":770,"date":"2017-12-22T09:47:49","date_gmt":"2017-12-22T09:47:49","guid":{"rendered":"http:\/\/fundacionvaldessalas.es\/misadegaita\/?p=770"},"modified":"2022-04-11T17:55:06","modified_gmt":"2022-04-11T17:55:06","slug":"reconocimiento-de-la-fundacion-valdes-salas-al-taller-lolo-cornellana","status":"publish","type":"post","link":"https:\/\/fundacionvaldessalas.es\/misadegaita\/reconocimiento-de-la-fundacion-valdes-salas-al-taller-lolo-cornellana\/","title":{"rendered":"Reconocimiento de la Fundaci\u00f3n Vald\u00e9s-Salas al Taller \u201cLolo Cornellana\u201d"},"content":{"rendered":"<p><a href=\"http:\/\/fundacionvaldessalas.es\/misadegaita\/wp-content\/uploads\/2017\/12\/participantes-falta-pixain.jpg\"><img loading=\"lazy\" class=\"aligncenter size-large wp-image-771\" src=\"http:\/\/fundacionvaldessalas.es\/misadegaita\/wp-content\/uploads\/2017\/12\/participantes-falta-pixain-1024x683.jpg\" alt=\"\" width=\"610\" height=\"407\" srcset=\"https:\/\/fundacionvaldessalas.es\/misadegaita\/wp-content\/uploads\/2017\/12\/participantes-falta-pixain-1024x683.jpg 1024w, https:\/\/fundacionvaldessalas.es\/misadegaita\/wp-content\/uploads\/2017\/12\/participantes-falta-pixain-300x200.jpg 300w, https:\/\/fundacionvaldessalas.es\/misadegaita\/wp-content\/uploads\/2017\/12\/participantes-falta-pixain-768x512.jpg 768w\" sizes=\"(max-width: 610px) 100vw, 610px\" \/><\/a>El pasado d\u00eda 11 del corriente, el Patronato de la Fundaci\u00f3n Vald\u00e9s-Salas acord\u00f3, en la reuni\u00f3n habitual de fin de a\u00f1o, dejar constancia de su reconocimiento a la labor que viene realizando el Taller \u201cLolo Cornellana\u201d de la Misa de gaita desde su creaci\u00f3n en septiembre de 2013. En el documento que recoge el acuerdo un\u00e1nime de los miembros del Patronato, se se\u00f1ala, entre otras cosas que se pueden consultar en el pdf adjunto:\u00a0 \u201cLa Fundaci\u00f3n Vald\u00e9s-Salas le reconoce que el trabajo del Taller en favor del patrimonio inmaterial asturiano ha estado siempre guiado por un constante altruismo. Y celebra, en fin, que se haya entretejido un grupo humano unido por la amistad y el amor a la m\u00fasica y a las tradiciones asturianas. Un conjunto de personas de todas las edades, procedentes de toda la regi\u00f3n, que llevan con orgullo all\u00ed donde van el nombre de la Fundaci\u00f3n Vald\u00e9s-Salas, como principal mentora e inspiradora de sus actividades\u201d.<\/p>\n<p><a href=\"http:\/\/fundacionvaldessalas.es\/misadegaita\/wp-content\/uploads\/2017\/12\/felicitacioin-de-la-fvs-al-taller-lolo-cornellana.pdf\">Felicitaci\u00f3n de la FVS al Taller Lolo Cornellana en PDF<\/a><\/p>\n<hr \/>\n<h6>Foto de Luc\u00eda Rodr\u00edguez.<\/h6>\n","protected":false},"excerpt":{"rendered":"<p>El pasado d\u00eda 11 del corriente, el Patronato de la Fundaci\u00f3n Vald\u00e9s-Salas acord\u00f3, en la reuni\u00f3n habitual de fin de a\u00f1o, dejar constancia de su reconocimiento a la labor que viene realizando el Taller \u201cLolo Cornellana\u201d de la Misa de gaita desde su creaci\u00f3n en septiembre de 2013. En el documento que recoge el acuerdo [&hellip;]<\/p>\n","protected":false},"author":1,"featured_media":771,"comment_status":"open","ping_status":"open","sticky":false,"template":"","format":"standard","meta":[],"categories":[7],"tags":[],"_links":{"self":[{"href":"https:\/\/fundacionvaldessalas.es\/misadegaita\/wp-json\/wp\/v2\/posts\/770"}],"collection":[{"href":"https:\/\/fundacionvaldessalas.es\/misadegaita\/wp-json\/wp\/v2\/posts"}],"about":[{"href":"https:\/\/fundacionvaldessalas.es\/misadegaita\/wp-json\/wp\/v2\/types\/post"}],"author":[{"embeddable":true,"href":"https:\/\/fundacionvaldessalas.es\/misadegaita\/wp-json\/wp\/v2\/users\/1"}],"replies":[{"embeddable":true,"href":"https:\/\/fundacionvaldessalas.es\/misadegaita\/wp-json\/wp\/v2\/comments?post=770"}],"version-history":[{"count":3,"href":"https:\/\/fundacionvaldessalas.es\/misadegaita\/wp-json\/wp\/v2\/posts\/770\/revisions"}],"predecessor-version":[{"id":775,"href":"https:\/\/fundacionvaldessalas.es\/misadegaita\/wp-json\/wp\/v2\/posts\/770\/revisions\/775"}],"wp:featuredmedia":[{"embeddable":true,"href":"https:\/\/fundacionvaldessalas.es\/misadegaita\/wp-json\/wp\/v2\/media\/771"}],"wp:attachment":[{"href":"https:\/\/fundacionvaldessalas.es\/misadegaita\/wp-json\/wp\/v2\/media?parent=770"}],"wp:term":[{"taxonomy":"category","embeddable":true,"href":"https:\/\/fundacionvaldessalas.es\/misadegaita\/wp-json\/wp\/v2\/categories?post=770"},{"taxonomy":"post_tag","embeddable":true,"href":"https:\/\/fundacionvaldessalas.es\/misadegaita\/wp-json\/wp\/v2\/tags?post=770"}],"curies":[{"name":"wp","href":"https:\/\/api.w.org\/{rel}","templated":true}]}}