{"id":785,"date":"2018-04-25T09:41:59","date_gmt":"2018-04-25T09:41:59","guid":{"rendered":"http:\/\/fundacionvaldessalas.es\/misadegaita\/?p=785"},"modified":"2022-04-11T17:54:16","modified_gmt":"2022-04-11T17:54:16","slug":"misa-san-juan-2018","status":"publish","type":"post","link":"https:\/\/fundacionvaldessalas.es\/misadegaita\/misa-san-juan-2018\/","title":{"rendered":"Misa San Juan 2018"},"content":{"rendered":"<p><a href=\"http:\/\/fundacionvaldessalas.es\/misadegaita\/wp-content\/uploads\/2018\/04\/cartel-misa-san-juan-2018.jpg\"><img class=\"aligncenter size-large wp-image-788\" src=\"http:\/\/fundacionvaldessalas.es\/misadegaita\/wp-content\/uploads\/2018\/04\/cartel-misa-san-juan-2018-1024x515.jpg\" alt=\"Misa San Juan 2018\" width=\"100%\" srcset=\"https:\/\/fundacionvaldessalas.es\/misadegaita\/wp-content\/uploads\/2018\/04\/cartel-misa-san-juan-2018-1024x515.jpg 1024w, https:\/\/fundacionvaldessalas.es\/misadegaita\/wp-content\/uploads\/2018\/04\/cartel-misa-san-juan-2018-300x151.jpg 300w, https:\/\/fundacionvaldessalas.es\/misadegaita\/wp-content\/uploads\/2018\/04\/cartel-misa-san-juan-2018-768x386.jpg 768w, https:\/\/fundacionvaldessalas.es\/misadegaita\/wp-content\/uploads\/2018\/04\/cartel-misa-san-juan-2018.jpg 1920w\" sizes=\"(max-width: 1024px) 100vw, 1024px\" \/><\/a><\/p>\n<p>EL S\u00c1BADO, 28 DE ABRIL, A LAS 8 DE LA TARDE, SE CELEBRAR\u00c1 UNA MISA DE\u00a0 GAITA EN LA BAS\u00cdLICA DE SAN JUAN DE OVIEDO. ESTAR\u00c1 PRESIDIDA POR EL P\u00c1RROCO DON JAVIER SU\u00c1REZ Y LA CANTAR\u00c1 EL TALLER LOLO CORNELANA, DE LA FUNDACI\u00d3N VALD\u00c9S-SALAS, CON LA PARTICIPACI\u00d3N DE LA RECONOCIDA CANTANTE MARI LUZ CRIST\u00d3BAL CAUNEDO Y LOS GAITEROS XAIME MEN\u00c9NDEZ Y LLORI\u00c1N GARC\u00cdA FL\u00d3REZ, TODOS ELLOS DIRIGIDOS POR EL MAESTRO JOAQU\u00cdN VALDE\u00d3N.<\/p>\n<p><a href=\"http:\/\/fundacionvaldessalas.es\/misadegaita\/wp-content\/uploads\/2018\/04\/cartel-misa-san-juan-2018.pdf\" target=\"_blank\" rel=\"noopener\">Ver el Cartel de la Misa San Juan 2018<\/a><\/p>\n<p><a href=\"http:\/\/fundacionvaldessalas.es\/misadegaita\/wp-content\/uploads\/2018\/04\/diptico-misa-san-juan.pdf\" target=\"_blank\" rel=\"noopener\">Ver el Diptico de la Misa San Juan 2018<\/a><\/p>\n","protected":false},"excerpt":{"rendered":"<p>EL S\u00c1BADO, 28 DE ABRIL, A LAS 8 DE LA TARDE, SE CELEBRAR\u00c1 UNA MISA DE\u00a0 GAITA EN LA BAS\u00cdLICA DE SAN JUAN DE OVIEDO. ESTAR\u00c1 PRESIDIDA POR EL P\u00c1RROCO DON JAVIER SU\u00c1REZ Y LA CANTAR\u00c1 EL TALLER LOLO CORNELANA, DE LA FUNDACI\u00d3N VALD\u00c9S-SALAS, CON LA PARTICIPACI\u00d3N DE LA RECONOCIDA CANTANTE MARI LUZ CRIST\u00d3BAL CAUNEDO [&hellip;]<\/p>\n","protected":false},"author":1,"featured_media":788,"comment_status":"open","ping_status":"open","sticky":false,"template":"","format":"standard","meta":[],"categories":[7],"tags":[],"_links":{"self":[{"href":"https:\/\/fundacionvaldessalas.es\/misadegaita\/wp-json\/wp\/v2\/posts\/785"}],"collection":[{"href":"https:\/\/fundacionvaldessalas.es\/misadegaita\/wp-json\/wp\/v2\/posts"}],"about":[{"href":"https:\/\/fundacionvaldessalas.es\/misadegaita\/wp-json\/wp\/v2\/types\/post"}],"author":[{"embeddable":true,"href":"https:\/\/fundacionvaldessalas.es\/misadegaita\/wp-json\/wp\/v2\/users\/1"}],"replies":[{"embeddable":true,"href":"https:\/\/fundacionvaldessalas.es\/misadegaita\/wp-json\/wp\/v2\/comments?post=785"}],"version-history":[{"count":3,"href":"https:\/\/fundacionvaldessalas.es\/misadegaita\/wp-json\/wp\/v2\/posts\/785\/revisions"}],"predecessor-version":[{"id":791,"href":"https:\/\/fundacionvaldessalas.es\/misadegaita\/wp-json\/wp\/v2\/posts\/785\/revisions\/791"}],"wp:featuredmedia":[{"embeddable":true,"href":"https:\/\/fundacionvaldessalas.es\/misadegaita\/wp-json\/wp\/v2\/media\/788"}],"wp:attachment":[{"href":"https:\/\/fundacionvaldessalas.es\/misadegaita\/wp-json\/wp\/v2\/media?parent=785"}],"wp:term":[{"taxonomy":"category","embeddable":true,"href":"https:\/\/fundacionvaldessalas.es\/misadegaita\/wp-json\/wp\/v2\/categories?post=785"},{"taxonomy":"post_tag","embeddable":true,"href":"https:\/\/fundacionvaldessalas.es\/misadegaita\/wp-json\/wp\/v2\/tags?post=785"}],"curies":[{"name":"wp","href":"https:\/\/api.w.org\/{rel}","templated":true}]}}