{"id":813,"date":"2021-11-17T15:56:37","date_gmt":"2021-11-17T15:56:37","guid":{"rendered":"http:\/\/fundacionvaldessalas.es\/misadegaita\/?p=813"},"modified":"2021-11-17T15:56:37","modified_gmt":"2021-11-17T15:56:37","slug":"la-misa-de-gaita-en-el-xxii-festival-de-musica-antigua-de-gijon","status":"publish","type":"post","link":"https:\/\/fundacionvaldessalas.es\/misadegaita\/la-misa-de-gaita-en-el-xxii-festival-de-musica-antigua-de-gijon\/","title":{"rendered":"La Misa de Gaita en el XXII Festival de M\u00fasica Antigua de Gij\u00f3n"},"content":{"rendered":"<p>Fotograf\u00edas de Pablo Roces Albal\u00e1.<\/p>\n\n\t\t<style type=\"text\/css\">\n\t\t\t#gallery-1 {\n\t\t\t\tmargin: auto;\n\t\t\t}\n\t\t\t#gallery-1 .gallery-item {\n\t\t\t\tfloat: left;\n\t\t\t\tmargin-top: 10px;\n\t\t\t\ttext-align: center;\n\t\t\t\twidth: 33%;\n\t\t\t}\n\t\t\t#gallery-1 img {\n\t\t\t\tborder: 2px solid #cfcfcf;\n\t\t\t}\n\t\t\t#gallery-1 .gallery-caption {\n\t\t\t\tmargin-left: 0;\n\t\t\t}\n\t\t\t\/* see gallery_shortcode() in wp-includes\/media.php *\/\n\t\t<\/style>\n\t\t<div id='gallery-1' class='gallery galleryid-813 gallery-columns-3 gallery-size-thumbnail'><dl class='gallery-item'>\n\t\t\t<dt class='gallery-icon landscape'>\n\t\t\t\t<a href='https:\/\/fundacionvaldessalas.es\/misadegaita\/la-misa-de-gaita-en-el-xxii-festival-de-musica-antigua-de-gijon\/la-misa-de-gaita-en-el-xxii-festival-de-musica-antigua-de-gijon-12\/'><img width=\"150\" height=\"150\" src=\"https:\/\/fundacionvaldessalas.es\/misadegaita\/wp-content\/uploads\/2021\/11\/la-misa-de-gaita-en-el-xxii-festival-de-musica-antigua-de-gijon-12-150x150.jpg\" class=\"attachment-thumbnail size-thumbnail\" alt=\"\" loading=\"lazy\" srcset=\"https:\/\/fundacionvaldessalas.es\/misadegaita\/wp-content\/uploads\/2021\/11\/la-misa-de-gaita-en-el-xxii-festival-de-musica-antigua-de-gijon-12-150x150.jpg 150w, https:\/\/fundacionvaldessalas.es\/misadegaita\/wp-content\/uploads\/2021\/11\/la-misa-de-gaita-en-el-xxii-festival-de-musica-antigua-de-gijon-12-50x50.jpg 50w\" sizes=\"(max-width: 150px) 100vw, 150px\" \/><\/a>\n\t\t\t<\/dt><\/dl><dl class='gallery-item'>\n\t\t\t<dt class='gallery-icon landscape'>\n\t\t\t\t<a href='https:\/\/fundacionvaldessalas.es\/misadegaita\/la-misa-de-gaita-en-el-xxii-festival-de-musica-antigua-de-gijon\/la-misa-de-gaita-en-el-xxii-festival-de-musica-antigua-de-gijon-01\/'><img width=\"150\" height=\"150\" src=\"https:\/\/fundacionvaldessalas.es\/misadegaita\/wp-content\/uploads\/2021\/11\/la-misa-de-gaita-en-el-xxii-festival-de-musica-antigua-de-gijon-01-150x150.jpg\" class=\"attachment-thumbnail size-thumbnail\" alt=\"\" loading=\"lazy\" srcset=\"https:\/\/fundacionvaldessalas.es\/misadegaita\/wp-content\/uploads\/2021\/11\/la-misa-de-gaita-en-el-xxii-festival-de-musica-antigua-de-gijon-01-150x150.jpg 150w, https:\/\/fundacionvaldessalas.es\/misadegaita\/wp-content\/uploads\/2021\/11\/la-misa-de-gaita-en-el-xxii-festival-de-musica-antigua-de-gijon-01-50x50.jpg 50w\" sizes=\"(max-width: 150px) 100vw, 150px\" \/><\/a>\n\t\t\t<\/dt><\/dl><dl class='gallery-item'>\n\t\t\t<dt class='gallery-icon landscape'>\n\t\t\t\t<a href='https:\/\/fundacionvaldessalas.es\/misadegaita\/la-misa-de-gaita-en-el-xxii-festival-de-musica-antigua-de-gijon\/la-misa-de-gaita-en-el-xxii-festival-de-musica-antigua-de-gijon-02\/'><img width=\"150\" height=\"150\" src=\"https:\/\/fundacionvaldessalas.es\/misadegaita\/wp-content\/uploads\/2021\/11\/la-misa-de-gaita-en-el-xxii-festival-de-musica-antigua-de-gijon-02-150x150.jpg\" class=\"attachment-thumbnail size-thumbnail\" alt=\"\" loading=\"lazy\" srcset=\"https:\/\/fundacionvaldessalas.es\/misadegaita\/wp-content\/uploads\/2021\/11\/la-misa-de-gaita-en-el-xxii-festival-de-musica-antigua-de-gijon-02-150x150.jpg 150w, https:\/\/fundacionvaldessalas.es\/misadegaita\/wp-content\/uploads\/2021\/11\/la-misa-de-gaita-en-el-xxii-festival-de-musica-antigua-de-gijon-02-50x50.jpg 50w\" sizes=\"(max-width: 150px) 100vw, 150px\" \/><\/a>\n\t\t\t<\/dt><\/dl><br style=\"clear: both\" \/><dl class='gallery-item'>\n\t\t\t<dt class='gallery-icon landscape'>\n\t\t\t\t<a href='https:\/\/fundacionvaldessalas.es\/misadegaita\/la-misa-de-gaita-en-el-xxii-festival-de-musica-antigua-de-gijon\/la-misa-de-gaita-en-el-xxii-festival-de-musica-antigua-de-gijon-03\/'><img width=\"150\" height=\"150\" src=\"https:\/\/fundacionvaldessalas.es\/misadegaita\/wp-content\/uploads\/2021\/11\/la-misa-de-gaita-en-el-xxii-festival-de-musica-antigua-de-gijon-03-150x150.jpg\" class=\"attachment-thumbnail size-thumbnail\" alt=\"\" loading=\"lazy\" srcset=\"https:\/\/fundacionvaldessalas.es\/misadegaita\/wp-content\/uploads\/2021\/11\/la-misa-de-gaita-en-el-xxii-festival-de-musica-antigua-de-gijon-03-150x150.jpg 150w, https:\/\/fundacionvaldessalas.es\/misadegaita\/wp-content\/uploads\/2021\/11\/la-misa-de-gaita-en-el-xxii-festival-de-musica-antigua-de-gijon-03-50x50.jpg 50w\" sizes=\"(max-width: 150px) 100vw, 150px\" \/><\/a>\n\t\t\t<\/dt><\/dl><dl class='gallery-item'>\n\t\t\t<dt class='gallery-icon landscape'>\n\t\t\t\t<a href='https:\/\/fundacionvaldessalas.es\/misadegaita\/la-misa-de-gaita-en-el-xxii-festival-de-musica-antigua-de-gijon\/la-misa-de-gaita-en-el-xxii-festival-de-musica-antigua-de-gijon-04\/'><img width=\"150\" height=\"150\" src=\"https:\/\/fundacionvaldessalas.es\/misadegaita\/wp-content\/uploads\/2021\/11\/la-misa-de-gaita-en-el-xxii-festival-de-musica-antigua-de-gijon-04-150x150.jpg\" class=\"attachment-thumbnail size-thumbnail\" alt=\"\" loading=\"lazy\" srcset=\"https:\/\/fundacionvaldessalas.es\/misadegaita\/wp-content\/uploads\/2021\/11\/la-misa-de-gaita-en-el-xxii-festival-de-musica-antigua-de-gijon-04-150x150.jpg 150w, https:\/\/fundacionvaldessalas.es\/misadegaita\/wp-content\/uploads\/2021\/11\/la-misa-de-gaita-en-el-xxii-festival-de-musica-antigua-de-gijon-04-50x50.jpg 50w\" sizes=\"(max-width: 150px) 100vw, 150px\" \/><\/a>\n\t\t\t<\/dt><\/dl><dl class='gallery-item'>\n\t\t\t<dt class='gallery-icon landscape'>\n\t\t\t\t<a href='https:\/\/fundacionvaldessalas.es\/misadegaita\/la-misa-de-gaita-en-el-xxii-festival-de-musica-antigua-de-gijon\/la-misa-de-gaita-en-el-xxii-festival-de-musica-antigua-de-gijon-05\/'><img width=\"150\" height=\"150\" src=\"https:\/\/fundacionvaldessalas.es\/misadegaita\/wp-content\/uploads\/2021\/11\/la-misa-de-gaita-en-el-xxii-festival-de-musica-antigua-de-gijon-05-150x150.jpg\" class=\"attachment-thumbnail size-thumbnail\" alt=\"\" loading=\"lazy\" srcset=\"https:\/\/fundacionvaldessalas.es\/misadegaita\/wp-content\/uploads\/2021\/11\/la-misa-de-gaita-en-el-xxii-festival-de-musica-antigua-de-gijon-05-150x150.jpg 150w, https:\/\/fundacionvaldessalas.es\/misadegaita\/wp-content\/uploads\/2021\/11\/la-misa-de-gaita-en-el-xxii-festival-de-musica-antigua-de-gijon-05-50x50.jpg 50w\" sizes=\"(max-width: 150px) 100vw, 150px\" \/><\/a>\n\t\t\t<\/dt><\/dl><br style=\"clear: both\" \/><dl class='gallery-item'>\n\t\t\t<dt class='gallery-icon landscape'>\n\t\t\t\t<a href='https:\/\/fundacionvaldessalas.es\/misadegaita\/la-misa-de-gaita-en-el-xxii-festival-de-musica-antigua-de-gijon\/la-misa-de-gaita-en-el-xxii-festival-de-musica-antigua-de-gijon-06\/'><img width=\"150\" height=\"150\" src=\"https:\/\/fundacionvaldessalas.es\/misadegaita\/wp-content\/uploads\/2021\/11\/la-misa-de-gaita-en-el-xxii-festival-de-musica-antigua-de-gijon-06-150x150.jpg\" class=\"attachment-thumbnail size-thumbnail\" alt=\"\" loading=\"lazy\" srcset=\"https:\/\/fundacionvaldessalas.es\/misadegaita\/wp-content\/uploads\/2021\/11\/la-misa-de-gaita-en-el-xxii-festival-de-musica-antigua-de-gijon-06-150x150.jpg 150w, https:\/\/fundacionvaldessalas.es\/misadegaita\/wp-content\/uploads\/2021\/11\/la-misa-de-gaita-en-el-xxii-festival-de-musica-antigua-de-gijon-06-50x50.jpg 50w\" sizes=\"(max-width: 150px) 100vw, 150px\" \/><\/a>\n\t\t\t<\/dt><\/dl><dl class='gallery-item'>\n\t\t\t<dt class='gallery-icon landscape'>\n\t\t\t\t<a href='https:\/\/fundacionvaldessalas.es\/misadegaita\/la-misa-de-gaita-en-el-xxii-festival-de-musica-antigua-de-gijon\/la-misa-de-gaita-en-el-xxii-festival-de-musica-antigua-de-gijon-07\/'><img width=\"150\" height=\"150\" src=\"https:\/\/fundacionvaldessalas.es\/misadegaita\/wp-content\/uploads\/2021\/11\/la-misa-de-gaita-en-el-xxii-festival-de-musica-antigua-de-gijon-07-150x150.jpg\" class=\"attachment-thumbnail size-thumbnail\" alt=\"\" loading=\"lazy\" srcset=\"https:\/\/fundacionvaldessalas.es\/misadegaita\/wp-content\/uploads\/2021\/11\/la-misa-de-gaita-en-el-xxii-festival-de-musica-antigua-de-gijon-07-150x150.jpg 150w, https:\/\/fundacionvaldessalas.es\/misadegaita\/wp-content\/uploads\/2021\/11\/la-misa-de-gaita-en-el-xxii-festival-de-musica-antigua-de-gijon-07-50x50.jpg 50w\" sizes=\"(max-width: 150px) 100vw, 150px\" \/><\/a>\n\t\t\t<\/dt><\/dl><dl class='gallery-item'>\n\t\t\t<dt class='gallery-icon landscape'>\n\t\t\t\t<a href='https:\/\/fundacionvaldessalas.es\/misadegaita\/la-misa-de-gaita-en-el-xxii-festival-de-musica-antigua-de-gijon\/la-misa-de-gaita-en-el-xxii-festival-de-musica-antigua-de-gijon-08\/'><img width=\"150\" height=\"150\" src=\"https:\/\/fundacionvaldessalas.es\/misadegaita\/wp-content\/uploads\/2021\/11\/la-misa-de-gaita-en-el-xxii-festival-de-musica-antigua-de-gijon-08-150x150.jpg\" class=\"attachment-thumbnail size-thumbnail\" alt=\"\" loading=\"lazy\" srcset=\"https:\/\/fundacionvaldessalas.es\/misadegaita\/wp-content\/uploads\/2021\/11\/la-misa-de-gaita-en-el-xxii-festival-de-musica-antigua-de-gijon-08-150x150.jpg 150w, https:\/\/fundacionvaldessalas.es\/misadegaita\/wp-content\/uploads\/2021\/11\/la-misa-de-gaita-en-el-xxii-festival-de-musica-antigua-de-gijon-08-50x50.jpg 50w\" sizes=\"(max-width: 150px) 100vw, 150px\" \/><\/a>\n\t\t\t<\/dt><\/dl><br style=\"clear: both\" \/><dl class='gallery-item'>\n\t\t\t<dt class='gallery-icon landscape'>\n\t\t\t\t<a href='https:\/\/fundacionvaldessalas.es\/misadegaita\/la-misa-de-gaita-en-el-xxii-festival-de-musica-antigua-de-gijon\/la-misa-de-gaita-en-el-xxii-festival-de-musica-antigua-de-gijon-09\/'><img width=\"150\" height=\"150\" src=\"https:\/\/fundacionvaldessalas.es\/misadegaita\/wp-content\/uploads\/2021\/11\/la-misa-de-gaita-en-el-xxii-festival-de-musica-antigua-de-gijon-09-150x150.jpg\" class=\"attachment-thumbnail size-thumbnail\" alt=\"\" loading=\"lazy\" srcset=\"https:\/\/fundacionvaldessalas.es\/misadegaita\/wp-content\/uploads\/2021\/11\/la-misa-de-gaita-en-el-xxii-festival-de-musica-antigua-de-gijon-09-150x150.jpg 150w, https:\/\/fundacionvaldessalas.es\/misadegaita\/wp-content\/uploads\/2021\/11\/la-misa-de-gaita-en-el-xxii-festival-de-musica-antigua-de-gijon-09-50x50.jpg 50w\" sizes=\"(max-width: 150px) 100vw, 150px\" \/><\/a>\n\t\t\t<\/dt><\/dl><dl class='gallery-item'>\n\t\t\t<dt class='gallery-icon landscape'>\n\t\t\t\t<a href='https:\/\/fundacionvaldessalas.es\/misadegaita\/la-misa-de-gaita-en-el-xxii-festival-de-musica-antigua-de-gijon\/la-misa-de-gaita-en-el-xxii-festival-de-musica-antigua-de-gijon-10\/'><img width=\"150\" height=\"150\" src=\"https:\/\/fundacionvaldessalas.es\/misadegaita\/wp-content\/uploads\/2021\/11\/la-misa-de-gaita-en-el-xxii-festival-de-musica-antigua-de-gijon-10-150x150.jpg\" class=\"attachment-thumbnail size-thumbnail\" alt=\"\" loading=\"lazy\" srcset=\"https:\/\/fundacionvaldessalas.es\/misadegaita\/wp-content\/uploads\/2021\/11\/la-misa-de-gaita-en-el-xxii-festival-de-musica-antigua-de-gijon-10-150x150.jpg 150w, https:\/\/fundacionvaldessalas.es\/misadegaita\/wp-content\/uploads\/2021\/11\/la-misa-de-gaita-en-el-xxii-festival-de-musica-antigua-de-gijon-10-50x50.jpg 50w\" sizes=\"(max-width: 150px) 100vw, 150px\" \/><\/a>\n\t\t\t<\/dt><\/dl><dl class='gallery-item'>\n\t\t\t<dt class='gallery-icon landscape'>\n\t\t\t\t<a href='https:\/\/fundacionvaldessalas.es\/misadegaita\/la-misa-de-gaita-en-el-xxii-festival-de-musica-antigua-de-gijon\/la-misa-de-gaita-en-el-xxii-festival-de-musica-antigua-de-gijon-11\/'><img width=\"150\" height=\"150\" src=\"https:\/\/fundacionvaldessalas.es\/misadegaita\/wp-content\/uploads\/2021\/11\/la-misa-de-gaita-en-el-xxii-festival-de-musica-antigua-de-gijon-11-150x150.jpg\" class=\"attachment-thumbnail size-thumbnail\" alt=\"\" loading=\"lazy\" srcset=\"https:\/\/fundacionvaldessalas.es\/misadegaita\/wp-content\/uploads\/2021\/11\/la-misa-de-gaita-en-el-xxii-festival-de-musica-antigua-de-gijon-11-150x150.jpg 150w, https:\/\/fundacionvaldessalas.es\/misadegaita\/wp-content\/uploads\/2021\/11\/la-misa-de-gaita-en-el-xxii-festival-de-musica-antigua-de-gijon-11-50x50.jpg 50w\" sizes=\"(max-width: 150px) 100vw, 150px\" \/><\/a>\n\t\t\t<\/dt><\/dl><br style=\"clear: both\" \/>\n\t\t<\/div>\n\n","protected":false},"excerpt":{"rendered":"<p>Fotograf\u00edas de Pablo Roces Albal\u00e1.<\/p>\n","protected":false},"author":1,"featured_media":819,"comment_status":"open","ping_status":"open","sticky":false,"template":"","format":"standard","meta":[],"categories":[5],"tags":[],"_links":{"self":[{"href":"https:\/\/fundacionvaldessalas.es\/misadegaita\/wp-json\/wp\/v2\/posts\/813"}],"collection":[{"href":"https:\/\/fundacionvaldessalas.es\/misadegaita\/wp-json\/wp\/v2\/posts"}],"about":[{"href":"https:\/\/fundacionvaldessalas.es\/misadegaita\/wp-json\/wp\/v2\/types\/post"}],"author":[{"embeddable":true,"href":"https:\/\/fundacionvaldessalas.es\/misadegaita\/wp-json\/wp\/v2\/users\/1"}],"replies":[{"embeddable":true,"href":"https:\/\/fundacionvaldessalas.es\/misadegaita\/wp-json\/wp\/v2\/comments?post=813"}],"version-history":[{"count":1,"href":"https:\/\/fundacionvaldessalas.es\/misadegaita\/wp-json\/wp\/v2\/posts\/813\/revisions"}],"predecessor-version":[{"id":826,"href":"https:\/\/fundacionvaldessalas.es\/misadegaita\/wp-json\/wp\/v2\/posts\/813\/revisions\/826"}],"wp:featuredmedia":[{"embeddable":true,"href":"https:\/\/fundacionvaldessalas.es\/misadegaita\/wp-json\/wp\/v2\/media\/819"}],"wp:attachment":[{"href":"https:\/\/fundacionvaldessalas.es\/misadegaita\/wp-json\/wp\/v2\/media?parent=813"}],"wp:term":[{"taxonomy":"category","embeddable":true,"href":"https:\/\/fundacionvaldessalas.es\/misadegaita\/wp-json\/wp\/v2\/categories?post=813"},{"taxonomy":"post_tag","embeddable":true,"href":"https:\/\/fundacionvaldessalas.es\/misadegaita\/wp-json\/wp\/v2\/tags?post=813"}],"curies":[{"name":"wp","href":"https:\/\/api.w.org\/{rel}","templated":true}]}}