{"id":827,"date":"2021-11-17T16:42:40","date_gmt":"2021-11-17T16:42:40","guid":{"rendered":"http:\/\/fundacionvaldessalas.es\/misadegaita\/?p=827"},"modified":"2023-04-16T17:10:51","modified_gmt":"2023-04-16T17:10:51","slug":"nuevo-libro-disco-dedicado-a-la-misa-de-gaita","status":"publish","type":"post","link":"https:\/\/fundacionvaldessalas.es\/misadegaita\/nuevo-libro-disco-dedicado-a-la-misa-de-gaita\/","title":{"rendered":"NUEVO LIBRO-DISCO DEDICADO A LA MISA DE GAITA"},"content":{"rendered":"<p>El 26 de noviembre de 2019 se public\u00f3 la primera referencia de la Colecci\u00f3n \u00abRen\u00e9 de Coupaud\u00bb, dedicada al estudio y la difusi\u00f3n de la pluralidad del patrimonio musical asturiano, con un trabajo audiovisual dedicado a la misa de gaita. Se trata de un libro-disco titulado <em>Tres misas de gaita. <\/em><\/p>\n<p><em>Entre la tradici\u00f3n y la conservaci\u00f3n del patrimonio asturiano<\/em>, firmado por el Doctor en Musicolog\u00eda \u00c1ngel Medina, y que cuenta con dos CD en los que se incluyen tres misas de gaita interpretadas por el Taller Lolo Cornellana, Mari Luz Crist\u00f3bal Caunedo (con el acompa\u00f1amiento a la gaita de Llori\u00e1n Garc\u00eda Fl\u00f3rez) y Pepe&#8217;l Mol\u00edn (con el acompa\u00f1amiento a la gaita de Xaime Men\u00e9ndez), bajo la direcci\u00f3n musical de Joaqu\u00edn Valde\u00f3n.<\/p>\n<p>Se incluyen, adem\u00e1s, dos registros hist\u00f3ricos de la misa de gaita de Salas. La edici\u00f3n est\u00e1 realizada por la Fundaci\u00f3n Municipal de Cultura, Educaci\u00f3n y Universidad Popular del Ayuntamiento de Gij\u00f3n\/Xix\u00f3n y la Fundaci\u00f3n Vald\u00e9s-Salas.<\/p>\n<p>La publicaci\u00f3n puede solicitarse gratuitamente, abonando \u00fanicamente los gastos de env\u00edo, a trav\u00e9s del siguiente enlace:<\/p>\n<p><a href=\"https:\/\/www.gijon.es\/es\/publicaciones\/tres-misas-de-gaita-entre-la-tradicion-y-la-conservacion-del-patrimonio-asturiano\">https:\/\/www.gijon.es\/es\/publicaciones\/tres-misas-de-gaita-entre-la-tradicion-y-la-conservacion-del-patrimonio-asturiano<\/a><\/p>\n<p>Tambi\u00e9n est\u00e1 en formato PDF en esta p\u00e1gina web: <a href=\"http:\/\/fundacionvaldessalas.es\/misadegaita\/libros-y-documentos\/\">Libros y documentos<\/a><\/p>\n<p>M\u00e1s informaci\u00f3n:<\/p>\n<p><a href=\"http:\/\/fundacionvaldessalas.es\/misadegaita\/wp-content\/uploads\/2021\/11\/2019-11-28-les-mises-de-gaita-aliquen-la-voz-de-asturias.pdf\">La voz de Asturias 18\/11\/2019<\/a><\/p>\n<p><a href=\"http:\/\/fundacionvaldessalas.es\/misadegaita\/wp-content\/uploads\/2021\/11\/2019-11-28-les-mises-de-gaita-aliquen-la-voz-de-asturias.pdf\">El Comercio 27\/11\/2019<\/a><\/p>\n<p><a href=\"http:\/\/fundacionvaldessalas.es\/misadegaita\/wp-content\/uploads\/2021\/11\/2019-12-19-la-misa-de-gaita-abre-la-coleccion-rene-de-coupaud-lne.pdf\">LNE 19\/12\/2019<\/a><\/p>\n<p><a href=\"http:\/\/fundacionvaldessalas.es\/misadegaita\/wp-content\/uploads\/2021\/11\/2020-12-20-tres-misas-de-gaita-para-revitalizar-una-liturgia-que-estaba-en-precario-lne.pdf\">LNE 20\/12\/2019<\/a><\/p>\n<p><a href=\"http:\/\/fundacionvaldessalas.es\/misadegaita\/wp-content\/uploads\/2021\/11\/2019-12-22-tres-misas-y-un-recuerdo-el-comercio.pdf\">El Comercio 22\/12\/2019<\/a><\/p>\n<p><a href=\"http:\/\/fundacionvaldessalas.es\/misadegaita\/wp-content\/uploads\/2021\/11\/2020-02-15-las-misas-populares-y-las-gaitas.pdf\">LNE 15\/02\/2020<\/a><\/p>\n","protected":false},"excerpt":{"rendered":"<p>El 26 de noviembre de 2019 se public\u00f3 la primera referencia de la Colecci\u00f3n \u00abRen\u00e9 de Coupaud\u00bb, dedicada al estudio y la difusi\u00f3n de la pluralidad del patrimonio musical asturiano, con un trabajo audiovisual dedicado a la misa de gaita. Se trata de un libro-disco titulado Tres misas de gaita. Entre la tradici\u00f3n y la [&hellip;]<\/p>\n","protected":false},"author":1,"featured_media":828,"comment_status":"open","ping_status":"open","sticky":false,"template":"","format":"standard","meta":[],"categories":[3],"tags":[],"_links":{"self":[{"href":"https:\/\/fundacionvaldessalas.es\/misadegaita\/wp-json\/wp\/v2\/posts\/827"}],"collection":[{"href":"https:\/\/fundacionvaldessalas.es\/misadegaita\/wp-json\/wp\/v2\/posts"}],"about":[{"href":"https:\/\/fundacionvaldessalas.es\/misadegaita\/wp-json\/wp\/v2\/types\/post"}],"author":[{"embeddable":true,"href":"https:\/\/fundacionvaldessalas.es\/misadegaita\/wp-json\/wp\/v2\/users\/1"}],"replies":[{"embeddable":true,"href":"https:\/\/fundacionvaldessalas.es\/misadegaita\/wp-json\/wp\/v2\/comments?post=827"}],"version-history":[{"count":6,"href":"https:\/\/fundacionvaldessalas.es\/misadegaita\/wp-json\/wp\/v2\/posts\/827\/revisions"}],"predecessor-version":[{"id":1026,"href":"https:\/\/fundacionvaldessalas.es\/misadegaita\/wp-json\/wp\/v2\/posts\/827\/revisions\/1026"}],"wp:featuredmedia":[{"embeddable":true,"href":"https:\/\/fundacionvaldessalas.es\/misadegaita\/wp-json\/wp\/v2\/media\/828"}],"wp:attachment":[{"href":"https:\/\/fundacionvaldessalas.es\/misadegaita\/wp-json\/wp\/v2\/media?parent=827"}],"wp:term":[{"taxonomy":"category","embeddable":true,"href":"https:\/\/fundacionvaldessalas.es\/misadegaita\/wp-json\/wp\/v2\/categories?post=827"},{"taxonomy":"post_tag","embeddable":true,"href":"https:\/\/fundacionvaldessalas.es\/misadegaita\/wp-json\/wp\/v2\/tags?post=827"}],"curies":[{"name":"wp","href":"https:\/\/api.w.org\/{rel}","templated":true}]}}