{"id":895,"date":"2022-05-21T15:34:48","date_gmt":"2022-05-21T15:34:48","guid":{"rendered":"http:\/\/fundacionvaldessalas.es\/misadegaita\/?p=895"},"modified":"2022-05-21T15:47:27","modified_gmt":"2022-05-21T15:47:27","slug":"misas-en-salas-y-tineo-agosto-de-2018","status":"publish","type":"post","link":"https:\/\/fundacionvaldessalas.es\/misadegaita\/misas-en-salas-y-tineo-agosto-de-2018\/","title":{"rendered":"Misas en Salas y Tineo. Agosto de 2018"},"content":{"rendered":"<p>Con motivo de la novena previa a la fiesta de la Romer\u00eda del Viso, el Taller cant\u00f3 en la misa celebrada el d\u00eda 13 de agosto en la Colegiata de Santa Mar\u00eda La Mayor. Cantaron como solistas Pepe`l Mol\u00edn (oriundo del concejo) y Mary Luz Crist\u00f3bal Caunedo. Acompa\u00f1ando a la gaita , Xaime Men\u00e9ndez, tambi\u00e9n vecino de Salas<\/p>\n<p>Por otro lado, el d\u00eda 16 de Agosto con motivo de la celebrada fiesta de San Roque de Tineo, el taller particip\u00f3 en la misa celebrada en el \u00abCampo de San Roque\u00bb. Cantaron como solistas Pepe`l Mol\u00edn\u00a0 y Mary Luz Crist\u00f3bal Caunedo (oriunda de Tineo). Acompa\u00f1ando a la gaita , Xaime Men\u00e9ndez y Llorian Garc\u00eda. Dirigi\u00f3 ambas misas Joaqu\u00edn Valde\u00f3n<\/p>\n<p><a href=\"http:\/\/fundacionvaldessalas.es\/misadegaita\/wp-content\/uploads\/2022\/05\/img-20180813-wa0001.jpg\"><img loading=\"lazy\" class=\"alignnone wp-image-896 aligncenter\" src=\"http:\/\/fundacionvaldessalas.es\/misadegaita\/wp-content\/uploads\/2022\/05\/img-20180813-wa0001-300x214.jpg\" alt=\"\" width=\"241\" height=\"172\" srcset=\"https:\/\/fundacionvaldessalas.es\/misadegaita\/wp-content\/uploads\/2022\/05\/img-20180813-wa0001-300x214.jpg 300w, https:\/\/fundacionvaldessalas.es\/misadegaita\/wp-content\/uploads\/2022\/05\/img-20180813-wa0001-1024x731.jpg 1024w, https:\/\/fundacionvaldessalas.es\/misadegaita\/wp-content\/uploads\/2022\/05\/img-20180813-wa0001-768x548.jpg 768w, https:\/\/fundacionvaldessalas.es\/misadegaita\/wp-content\/uploads\/2022\/05\/img-20180813-wa0001-1536x1096.jpg 1536w, https:\/\/fundacionvaldessalas.es\/misadegaita\/wp-content\/uploads\/2022\/05\/img-20180813-wa0001.jpg 1600w\" sizes=\"(max-width: 241px) 100vw, 241px\" \/>\u00a0 \u00a0 \u00a0 \u00a0 \u00a0<\/a> <a href=\"http:\/\/fundacionvaldessalas.es\/misadegaita\/wp-content\/uploads\/2022\/05\/img-20180816-wa0010.jpg\"><img loading=\"lazy\" class=\"alignnone size-medium wp-image-897 aligncenter\" src=\"http:\/\/fundacionvaldessalas.es\/misadegaita\/wp-content\/uploads\/2022\/05\/img-20180816-wa0010-300x168.jpg\" alt=\"\" width=\"300\" height=\"168\" srcset=\"https:\/\/fundacionvaldessalas.es\/misadegaita\/wp-content\/uploads\/2022\/05\/img-20180816-wa0010-300x168.jpg 300w, https:\/\/fundacionvaldessalas.es\/misadegaita\/wp-content\/uploads\/2022\/05\/img-20180816-wa0010-1024x572.jpg 1024w, https:\/\/fundacionvaldessalas.es\/misadegaita\/wp-content\/uploads\/2022\/05\/img-20180816-wa0010-768x429.jpg 768w, https:\/\/fundacionvaldessalas.es\/misadegaita\/wp-content\/uploads\/2022\/05\/img-20180816-wa0010.jpg 1500w\" sizes=\"(max-width: 300px) 100vw, 300px\" \/><\/a><\/p>\n","protected":false},"excerpt":{"rendered":"<p>Con motivo de la novena previa a la fiesta de la Romer\u00eda del Viso, el Taller cant\u00f3 en la misa celebrada el d\u00eda 13 de agosto en la Colegiata de Santa Mar\u00eda La Mayor. Cantaron como solistas Pepe`l Mol\u00edn (oriundo del concejo) y Mary Luz Crist\u00f3bal Caunedo. Acompa\u00f1ando a la gaita , Xaime Men\u00e9ndez, tambi\u00e9n [&hellip;]<\/p>\n","protected":false},"author":8,"featured_media":0,"comment_status":"closed","ping_status":"open","sticky":false,"template":"","format":"standard","meta":[],"categories":[7],"tags":[],"_links":{"self":[{"href":"https:\/\/fundacionvaldessalas.es\/misadegaita\/wp-json\/wp\/v2\/posts\/895"}],"collection":[{"href":"https:\/\/fundacionvaldessalas.es\/misadegaita\/wp-json\/wp\/v2\/posts"}],"about":[{"href":"https:\/\/fundacionvaldessalas.es\/misadegaita\/wp-json\/wp\/v2\/types\/post"}],"author":[{"embeddable":true,"href":"https:\/\/fundacionvaldessalas.es\/misadegaita\/wp-json\/wp\/v2\/users\/8"}],"replies":[{"embeddable":true,"href":"https:\/\/fundacionvaldessalas.es\/misadegaita\/wp-json\/wp\/v2\/comments?post=895"}],"version-history":[{"count":3,"href":"https:\/\/fundacionvaldessalas.es\/misadegaita\/wp-json\/wp\/v2\/posts\/895\/revisions"}],"predecessor-version":[{"id":905,"href":"https:\/\/fundacionvaldessalas.es\/misadegaita\/wp-json\/wp\/v2\/posts\/895\/revisions\/905"}],"wp:attachment":[{"href":"https:\/\/fundacionvaldessalas.es\/misadegaita\/wp-json\/wp\/v2\/media?parent=895"}],"wp:term":[{"taxonomy":"category","embeddable":true,"href":"https:\/\/fundacionvaldessalas.es\/misadegaita\/wp-json\/wp\/v2\/categories?post=895"},{"taxonomy":"post_tag","embeddable":true,"href":"https:\/\/fundacionvaldessalas.es\/misadegaita\/wp-json\/wp\/v2\/tags?post=895"}],"curies":[{"name":"wp","href":"https:\/\/api.w.org\/{rel}","templated":true}]}}