{"id":901,"date":"2022-05-21T15:46:33","date_gmt":"2022-05-21T15:46:33","guid":{"rendered":"http:\/\/fundacionvaldessalas.es\/misadegaita\/?p=901"},"modified":"2022-05-21T16:18:06","modified_gmt":"2022-05-21T16:18:06","slug":"entrega-de-la-gaita-doru-al-taller-lolo-cornellana-y-misa-en-piedras-blancas","status":"publish","type":"post","link":"https:\/\/fundacionvaldessalas.es\/misadegaita\/entrega-de-la-gaita-doru-al-taller-lolo-cornellana-y-misa-en-piedras-blancas\/","title":{"rendered":"Entrega de la gaita d\u00b4Oru al Taller \u00abLolo Cornellana\u00bb y misa en Piedras Blancas"},"content":{"rendered":"<p>El d\u00eda de de Junio de 2018, se hizo entrega por parte de la Asociaci\u00f3n Cultural L&#8217;Alborecer de la Gaita de Oru al Taller \u00bb Lolo Cornellana\u00bb y al \u00abAula y Fundaci\u00f3n Vald\u00e9s Salas\u00bb. Recogi\u00f3 el premio en Piedras Blancas el director del taller, Joaqu\u00edn Valde\u00f3n y estuvo acompa\u00f1ado por Llori\u00e1n Garc\u00eda, gaitero y Patricia Toyos, cantante e integrante del mismo.<\/p>\n<p>Posteriormente, el 25 de Noviembre, el taller cant\u00f3 en la misa dominical. Acompa\u00f1aron al taller los solistas Mary Luz Cristobal Caunedo, Pepe&#8217;l Mol\u00edn y Xaime Men\u00e9ndez a la gaita. Dirigi\u00f3 Joaqu\u00edn Valde\u00f3n<\/p>\n<p>Acompa\u00f1\u00f3 al taller la Banda de Gaitas de Castrill\u00f3n, que se encarg\u00f3 de poner m\u00fasica a la entrada y salida de la misa igual que en la consagraci\u00f3n.<\/p>\n<p><a href=\"http:\/\/fundacionvaldessalas.es\/misadegaita\/wp-content\/uploads\/2022\/05\/img-20180703-wa0002.jpg\"><img loading=\"lazy\" class=\"alignnone size-medium wp-image-902\" src=\"http:\/\/fundacionvaldessalas.es\/misadegaita\/wp-content\/uploads\/2022\/05\/img-20180703-wa0002-300x223.jpg\" alt=\"\" width=\"300\" height=\"223\" srcset=\"https:\/\/fundacionvaldessalas.es\/misadegaita\/wp-content\/uploads\/2022\/05\/img-20180703-wa0002-300x223.jpg 300w, https:\/\/fundacionvaldessalas.es\/misadegaita\/wp-content\/uploads\/2022\/05\/img-20180703-wa0002-1024x760.jpg 1024w, https:\/\/fundacionvaldessalas.es\/misadegaita\/wp-content\/uploads\/2022\/05\/img-20180703-wa0002-768x570.jpg 768w, https:\/\/fundacionvaldessalas.es\/misadegaita\/wp-content\/uploads\/2022\/05\/img-20180703-wa0002-1536x1140.jpg 1536w, https:\/\/fundacionvaldessalas.es\/misadegaita\/wp-content\/uploads\/2022\/05\/img-20180703-wa0002.jpg 1600w\" sizes=\"(max-width: 300px) 100vw, 300px\" \/>\u00a0 \u00a0 \u00a0 \u00a0 \u00a0<\/a><a href=\"http:\/\/fundacionvaldessalas.es\/misadegaita\/wp-content\/uploads\/2022\/05\/img-20181126-wa0001.jpg\"><img loading=\"lazy\" class=\"alignnone size-medium wp-image-903\" src=\"http:\/\/fundacionvaldessalas.es\/misadegaita\/wp-content\/uploads\/2022\/05\/img-20181126-wa0001-300x211.jpg\" alt=\"\" width=\"300\" height=\"211\" srcset=\"https:\/\/fundacionvaldessalas.es\/misadegaita\/wp-content\/uploads\/2022\/05\/img-20181126-wa0001-300x211.jpg 300w, https:\/\/fundacionvaldessalas.es\/misadegaita\/wp-content\/uploads\/2022\/05\/img-20181126-wa0001-1024x720.jpg 1024w, https:\/\/fundacionvaldessalas.es\/misadegaita\/wp-content\/uploads\/2022\/05\/img-20181126-wa0001-768x540.jpg 768w, https:\/\/fundacionvaldessalas.es\/misadegaita\/wp-content\/uploads\/2022\/05\/img-20181126-wa0001.jpg 1535w\" sizes=\"(max-width: 300px) 100vw, 300px\" \/><\/a><\/p>\n<p>Enlace a noticia en Prensa: <a href=\"https:\/\/www.elcomercio.es\/asturias\/mas-concejos\/misa-gaita-mantiene-20181126013256-ntvo.html\">El comercio\u00a0<\/a><\/p>\n","protected":false},"excerpt":{"rendered":"<p>El d\u00eda de de Junio de 2018, se hizo entrega por parte de la Asociaci\u00f3n Cultural L&#8217;Alborecer de la Gaita de Oru al Taller \u00bb Lolo Cornellana\u00bb y al \u00abAula y Fundaci\u00f3n Vald\u00e9s Salas\u00bb. Recogi\u00f3 el premio en Piedras Blancas el director del taller, Joaqu\u00edn Valde\u00f3n y estuvo acompa\u00f1ado por Llori\u00e1n Garc\u00eda, gaitero y Patricia [&hellip;]<\/p>\n","protected":false},"author":8,"featured_media":0,"comment_status":"closed","ping_status":"open","sticky":false,"template":"","format":"standard","meta":[],"categories":[1,7],"tags":[],"_links":{"self":[{"href":"https:\/\/fundacionvaldessalas.es\/misadegaita\/wp-json\/wp\/v2\/posts\/901"}],"collection":[{"href":"https:\/\/fundacionvaldessalas.es\/misadegaita\/wp-json\/wp\/v2\/posts"}],"about":[{"href":"https:\/\/fundacionvaldessalas.es\/misadegaita\/wp-json\/wp\/v2\/types\/post"}],"author":[{"embeddable":true,"href":"https:\/\/fundacionvaldessalas.es\/misadegaita\/wp-json\/wp\/v2\/users\/8"}],"replies":[{"embeddable":true,"href":"https:\/\/fundacionvaldessalas.es\/misadegaita\/wp-json\/wp\/v2\/comments?post=901"}],"version-history":[{"count":4,"href":"https:\/\/fundacionvaldessalas.es\/misadegaita\/wp-json\/wp\/v2\/posts\/901\/revisions"}],"predecessor-version":[{"id":916,"href":"https:\/\/fundacionvaldessalas.es\/misadegaita\/wp-json\/wp\/v2\/posts\/901\/revisions\/916"}],"wp:attachment":[{"href":"https:\/\/fundacionvaldessalas.es\/misadegaita\/wp-json\/wp\/v2\/media?parent=901"}],"wp:term":[{"taxonomy":"category","embeddable":true,"href":"https:\/\/fundacionvaldessalas.es\/misadegaita\/wp-json\/wp\/v2\/categories?post=901"},{"taxonomy":"post_tag","embeddable":true,"href":"https:\/\/fundacionvaldessalas.es\/misadegaita\/wp-json\/wp\/v2\/tags?post=901"}],"curies":[{"name":"wp","href":"https:\/\/api.w.org\/{rel}","templated":true}]}}