{"id":926,"date":"2022-06-26T16:47:52","date_gmt":"2022-06-26T16:47:52","guid":{"rendered":"http:\/\/fundacionvaldessalas.es\/misadegaita\/?p=926"},"modified":"2022-06-26T16:51:38","modified_gmt":"2022-06-26T16:51:38","slug":"misas-en-san-juan-posada-de-llanes-junio-2019","status":"publish","type":"post","link":"https:\/\/fundacionvaldessalas.es\/misadegaita\/misas-en-san-juan-posada-de-llanes-junio-2019\/","title":{"rendered":"Misas en San Juan, Posada de Llanes. Junio 2019"},"content":{"rendered":"<p><a href=\"http:\/\/fundacionvaldessalas.es\/misadegaita\/wp-content\/uploads\/2022\/06\/img-20190602-wa0006.jpg\"><img loading=\"lazy\" class=\"alignnone size-medium wp-image-943 aligncenter\" src=\"http:\/\/fundacionvaldessalas.es\/misadegaita\/wp-content\/uploads\/2022\/06\/img-20190602-wa0006-300x169.jpg\" alt=\"\" width=\"300\" height=\"169\" srcset=\"https:\/\/fundacionvaldessalas.es\/misadegaita\/wp-content\/uploads\/2022\/06\/img-20190602-wa0006-300x169.jpg 300w, https:\/\/fundacionvaldessalas.es\/misadegaita\/wp-content\/uploads\/2022\/06\/img-20190602-wa0006-1024x576.jpg 1024w, https:\/\/fundacionvaldessalas.es\/misadegaita\/wp-content\/uploads\/2022\/06\/img-20190602-wa0006-768x432.jpg 768w, https:\/\/fundacionvaldessalas.es\/misadegaita\/wp-content\/uploads\/2022\/06\/img-20190602-wa0006-1536x864.jpg 1536w, https:\/\/fundacionvaldessalas.es\/misadegaita\/wp-content\/uploads\/2022\/06\/img-20190602-wa0006.jpg 1600w\" sizes=\"(max-width: 300px) 100vw, 300px\" \/><\/a>En el mes de Junio y despu\u00e9s de la gran experiencia que supuso la actuaci\u00f3n del Taller en Santa Mar\u00eda la Mayor de Roma; el taller volvi\u00f3 a Asturias para interpretar el d\u00eda 2 de junio una misa de gaita en la Iglesia de San Juan el Real de Oviedo y el d\u00eda 26 , invitados por la Fundaci\u00f3n D. Orione, en la iglesia de Posada de Llanes con motivo de la festividad del Corpus.<\/p>\n<p><a href=\"http:\/\/fundacionvaldessalas.es\/misadegaita\/wp-content\/uploads\/2022\/06\/img-20190623-wa0015.jpg\"><img loading=\"lazy\" class=\"size-medium wp-image-947 aligncenter\" src=\"http:\/\/fundacionvaldessalas.es\/misadegaita\/wp-content\/uploads\/2022\/06\/img-20190623-wa0015-300x225.jpg\" alt=\"\" width=\"300\" height=\"225\" srcset=\"https:\/\/fundacionvaldessalas.es\/misadegaita\/wp-content\/uploads\/2022\/06\/img-20190623-wa0015-300x225.jpg 300w, https:\/\/fundacionvaldessalas.es\/misadegaita\/wp-content\/uploads\/2022\/06\/img-20190623-wa0015-1024x768.jpg 1024w, https:\/\/fundacionvaldessalas.es\/misadegaita\/wp-content\/uploads\/2022\/06\/img-20190623-wa0015-768x576.jpg 768w, https:\/\/fundacionvaldessalas.es\/misadegaita\/wp-content\/uploads\/2022\/06\/img-20190623-wa0015-1536x1152.jpg 1536w, https:\/\/fundacionvaldessalas.es\/misadegaita\/wp-content\/uploads\/2022\/06\/img-20190623-wa0015-400x300.jpg 400w, https:\/\/fundacionvaldessalas.es\/misadegaita\/wp-content\/uploads\/2022\/06\/img-20190623-wa0015.jpg 1600w\" sizes=\"(max-width: 300px) 100vw, 300px\" \/><\/a><a href=\"http:\/\/fundacionvaldessalas.es\/misadegaita\/wp-content\/uploads\/2022\/06\/img-20190623-wa0003.jpg\"><img loading=\"lazy\" class=\"alignnone size-medium wp-image-944 aligncenter\" src=\"http:\/\/fundacionvaldessalas.es\/misadegaita\/wp-content\/uploads\/2022\/06\/img-20190623-wa0003-300x164.jpg\" alt=\"\" width=\"300\" height=\"164\" srcset=\"https:\/\/fundacionvaldessalas.es\/misadegaita\/wp-content\/uploads\/2022\/06\/img-20190623-wa0003-300x164.jpg 300w, https:\/\/fundacionvaldessalas.es\/misadegaita\/wp-content\/uploads\/2022\/06\/img-20190623-wa0003-1024x561.jpg 1024w, https:\/\/fundacionvaldessalas.es\/misadegaita\/wp-content\/uploads\/2022\/06\/img-20190623-wa0003-768x421.jpg 768w, https:\/\/fundacionvaldessalas.es\/misadegaita\/wp-content\/uploads\/2022\/06\/img-20190623-wa0003-1536x842.jpg 1536w, https:\/\/fundacionvaldessalas.es\/misadegaita\/wp-content\/uploads\/2022\/06\/img-20190623-wa0003.jpg 1600w\" sizes=\"(max-width: 300px) 100vw, 300px\" \/><\/a><\/p>\n","protected":false},"excerpt":{"rendered":"<p>En el mes de Junio y despu\u00e9s de la gran experiencia que supuso la actuaci\u00f3n del Taller en Santa Mar\u00eda la Mayor de Roma; el taller volvi\u00f3 a Asturias para interpretar el d\u00eda 2 de junio una misa de gaita en la Iglesia de San Juan el Real de Oviedo y el d\u00eda 26 , [&hellip;]<\/p>\n","protected":false},"author":8,"featured_media":0,"comment_status":"closed","ping_status":"open","sticky":false,"template":"","format":"standard","meta":[],"categories":[1,7],"tags":[],"_links":{"self":[{"href":"https:\/\/fundacionvaldessalas.es\/misadegaita\/wp-json\/wp\/v2\/posts\/926"}],"collection":[{"href":"https:\/\/fundacionvaldessalas.es\/misadegaita\/wp-json\/wp\/v2\/posts"}],"about":[{"href":"https:\/\/fundacionvaldessalas.es\/misadegaita\/wp-json\/wp\/v2\/types\/post"}],"author":[{"embeddable":true,"href":"https:\/\/fundacionvaldessalas.es\/misadegaita\/wp-json\/wp\/v2\/users\/8"}],"replies":[{"embeddable":true,"href":"https:\/\/fundacionvaldessalas.es\/misadegaita\/wp-json\/wp\/v2\/comments?post=926"}],"version-history":[{"count":6,"href":"https:\/\/fundacionvaldessalas.es\/misadegaita\/wp-json\/wp\/v2\/posts\/926\/revisions"}],"predecessor-version":[{"id":954,"href":"https:\/\/fundacionvaldessalas.es\/misadegaita\/wp-json\/wp\/v2\/posts\/926\/revisions\/954"}],"wp:attachment":[{"href":"https:\/\/fundacionvaldessalas.es\/misadegaita\/wp-json\/wp\/v2\/media?parent=926"}],"wp:term":[{"taxonomy":"category","embeddable":true,"href":"https:\/\/fundacionvaldessalas.es\/misadegaita\/wp-json\/wp\/v2\/categories?post=926"},{"taxonomy":"post_tag","embeddable":true,"href":"https:\/\/fundacionvaldessalas.es\/misadegaita\/wp-json\/wp\/v2\/tags?post=926"}],"curies":[{"name":"wp","href":"https:\/\/api.w.org\/{rel}","templated":true}]}}