{"id":928,"date":"2022-06-26T16:15:23","date_gmt":"2022-06-26T16:15:23","guid":{"rendered":"http:\/\/fundacionvaldessalas.es\/misadegaita\/?p=928"},"modified":"2022-06-26T17:42:56","modified_gmt":"2022-06-26T17:42:56","slug":"misa-de-gaita-en-salas-agosto-2019","status":"publish","type":"post","link":"https:\/\/fundacionvaldessalas.es\/misadegaita\/misa-de-gaita-en-salas-agosto-2019\/","title":{"rendered":"Misa de gaita en Salas. Agosto 2019"},"content":{"rendered":"<p>Convirti\u00e9ndose casi en una tradici\u00f3n, el 9 de agosto el taller Lolo Cornellana cant\u00f3 en\u00a0 Salas con motivo de la novena de sus fiestas patronales una misa de gaita. Fueron los gaiteros Llorian Garc\u00eda y Xaime Men\u00e9ndez y los solistas Pepe &#8216;l Mol\u00edn y M\u00aa Luz Cristobal Caunedo.<a href=\"http:\/\/fundacionvaldessalas.es\/misadegaita\/wp-content\/uploads\/2022\/06\/img-20220522-wa000051796.jpg\"><img loading=\"lazy\" class=\"size-medium wp-image-949 aligncenter\" src=\"http:\/\/fundacionvaldessalas.es\/misadegaita\/wp-content\/uploads\/2022\/06\/img-20220522-wa000051796-300x225.jpg\" alt=\"\" width=\"300\" height=\"225\" srcset=\"https:\/\/fundacionvaldessalas.es\/misadegaita\/wp-content\/uploads\/2022\/06\/img-20220522-wa000051796-300x225.jpg 300w, https:\/\/fundacionvaldessalas.es\/misadegaita\/wp-content\/uploads\/2022\/06\/img-20220522-wa000051796-1024x768.jpg 1024w, https:\/\/fundacionvaldessalas.es\/misadegaita\/wp-content\/uploads\/2022\/06\/img-20220522-wa000051796-768x576.jpg 768w, https:\/\/fundacionvaldessalas.es\/misadegaita\/wp-content\/uploads\/2022\/06\/img-20220522-wa000051796-1536x1152.jpg 1536w, https:\/\/fundacionvaldessalas.es\/misadegaita\/wp-content\/uploads\/2022\/06\/img-20220522-wa000051796-400x300.jpg 400w, https:\/\/fundacionvaldessalas.es\/misadegaita\/wp-content\/uploads\/2022\/06\/img-20220522-wa000051796.jpg 1824w\" sizes=\"(max-width: 300px) 100vw, 300px\" \/><\/a><\/p>\n","protected":false},"excerpt":{"rendered":"<p>Convirti\u00e9ndose casi en una tradici\u00f3n, el 9 de agosto el taller Lolo Cornellana cant\u00f3 en\u00a0 Salas con motivo de la novena de sus fiestas patronales una misa de gaita. Fueron los gaiteros Llorian Garc\u00eda y Xaime Men\u00e9ndez y los solistas Pepe &#8216;l Mol\u00edn y M\u00aa Luz Cristobal Caunedo.<\/p>\n","protected":false},"author":8,"featured_media":0,"comment_status":"closed","ping_status":"open","sticky":false,"template":"","format":"standard","meta":[],"categories":[7],"tags":[],"_links":{"self":[{"href":"https:\/\/fundacionvaldessalas.es\/misadegaita\/wp-json\/wp\/v2\/posts\/928"}],"collection":[{"href":"https:\/\/fundacionvaldessalas.es\/misadegaita\/wp-json\/wp\/v2\/posts"}],"about":[{"href":"https:\/\/fundacionvaldessalas.es\/misadegaita\/wp-json\/wp\/v2\/types\/post"}],"author":[{"embeddable":true,"href":"https:\/\/fundacionvaldessalas.es\/misadegaita\/wp-json\/wp\/v2\/users\/8"}],"replies":[{"embeddable":true,"href":"https:\/\/fundacionvaldessalas.es\/misadegaita\/wp-json\/wp\/v2\/comments?post=928"}],"version-history":[{"count":3,"href":"https:\/\/fundacionvaldessalas.es\/misadegaita\/wp-json\/wp\/v2\/posts\/928\/revisions"}],"predecessor-version":[{"id":950,"href":"https:\/\/fundacionvaldessalas.es\/misadegaita\/wp-json\/wp\/v2\/posts\/928\/revisions\/950"}],"wp:attachment":[{"href":"https:\/\/fundacionvaldessalas.es\/misadegaita\/wp-json\/wp\/v2\/media?parent=928"}],"wp:term":[{"taxonomy":"category","embeddable":true,"href":"https:\/\/fundacionvaldessalas.es\/misadegaita\/wp-json\/wp\/v2\/categories?post=928"},{"taxonomy":"post_tag","embeddable":true,"href":"https:\/\/fundacionvaldessalas.es\/misadegaita\/wp-json\/wp\/v2\/tags?post=928"}],"curies":[{"name":"wp","href":"https:\/\/api.w.org\/{rel}","templated":true}]}}