{"id":931,"date":"2022-06-26T16:48:19","date_gmt":"2022-06-26T16:48:19","guid":{"rendered":"http:\/\/fundacionvaldessalas.es\/misadegaita\/?p=931"},"modified":"2022-09-18T16:12:37","modified_gmt":"2022-09-18T16:12:37","slug":"xii-festival-de-musica-antigua-de-gijon","status":"publish","type":"post","link":"https:\/\/fundacionvaldessalas.es\/misadegaita\/xii-festival-de-musica-antigua-de-gijon\/","title":{"rendered":"XXII Festival de m\u00fasica antigua de Gij\u00f3n"},"content":{"rendered":"<p>&nbsp;<\/p>\n<p>El 14 de Julio de 2019, para clausurar el XXII Festival de M\u00fasica Antigua de Gij\u00f3n, el catedr\u00e1tico de musicolog\u00eda de la Universidad de Oviedo \u00c1ngel Medina, autor del libro \u00abMisa de gaita: hibridaciones sacroasturianas\u00bb pronunci\u00f3 una conferencia en el Antiguo Instituto Jovellanos donde explic\u00f3 las caracter\u00edsticas de esta misa reconocida como BIC.<\/p>\n<p>Posteriormente, en la Bas\u00edlica del Sagrado Coraz\u00f3n de Jes\u00fas, el Taller Lolo Cornellana cant\u00f3 dicha misa con gran \u00e9xito de p\u00fablico, emocionados muchos por o\u00edr la gaita en la iglesia de una forma distinta a la que estaban acostumbrados.<a href=\"http:\/\/fundacionvaldessalas.es\/misadegaita\/wp-content\/uploads\/2022\/06\/la-misa-de-gaita-en-el-xxii-festival-de-musica-antigua-de-gijon-10.jpg\"><img loading=\"lazy\" class=\"size-medium wp-image-951 aligncenter\" src=\"http:\/\/fundacionvaldessalas.es\/misadegaita\/wp-content\/uploads\/2022\/06\/la-misa-de-gaita-en-el-xxii-festival-de-musica-antigua-de-gijon-10-300x200.jpg\" alt=\"\" width=\"300\" height=\"200\" srcset=\"https:\/\/fundacionvaldessalas.es\/misadegaita\/wp-content\/uploads\/2022\/06\/la-misa-de-gaita-en-el-xxii-festival-de-musica-antigua-de-gijon-10-300x200.jpg 300w, https:\/\/fundacionvaldessalas.es\/misadegaita\/wp-content\/uploads\/2022\/06\/la-misa-de-gaita-en-el-xxii-festival-de-musica-antigua-de-gijon-10-768x513.jpg 768w, https:\/\/fundacionvaldessalas.es\/misadegaita\/wp-content\/uploads\/2022\/06\/la-misa-de-gaita-en-el-xxii-festival-de-musica-antigua-de-gijon-10.jpg 1024w\" sizes=\"(max-width: 300px) 100vw, 300px\" \/><\/a>El taller fue invitado por la Fundaci\u00f3n Municipal de Cultura que junto con la Fundaci\u00f3n Vald\u00e9s Salas hizo posible la grabaci\u00f3n del Disco-libro de la misa de gaita asturiana , primer volumen de la colecci\u00f3n Ren\u00e9 de Copaud.<\/p>\n<p>M\u00e1s informaci\u00f3n:<\/p>\n<p><a href=\"https:\/\/www.e-12notas.com\/2019\/06\/xxii-festival-musica-antigua-gijon-del-7-al-14-julio-2019\/\">e-12 notas<\/a><\/p>\n<p><a href=\"https:\/\/www.melomanodigital.com\/musica-antigua-gijon-2019\/\">Mel\u00f3mano digital<\/a><\/p>\n<p><a href=\"https:\/\/juventudgijon.wordpress.com\/2019\/06\/26\/festival-de-musica-antigua-2019\/\">Oficina de juventud de Gij\u00f3n<\/a><\/p>\n<p><a href=\"http:\/\/fundacionvaldessalas.es\/misadegaita\/wp-content\/uploads\/2021\/11\/2019-07-14-cierre-con-misa-de-gaita-en-la-iglesiona-del-festival-de-musica-antigua.pdf\">Hemeroteca<\/a><\/p>\n<p>M\u00e1s fotos:<\/p>\n<p><a href=\"http:\/\/fundacionvaldessalas.es\/misadegaita\/la-misa-de-gaita-en-el-xxii-festival-de-musica-antigua-de-gijon\/\">Im\u00e1genes<\/a><\/p>\n","protected":false},"excerpt":{"rendered":"<p>&nbsp; El 14 de Julio de 2019, para clausurar el XXII Festival de M\u00fasica Antigua de Gij\u00f3n, el catedr\u00e1tico de musicolog\u00eda de la Universidad de Oviedo \u00c1ngel Medina, autor del libro \u00abMisa de gaita: hibridaciones sacroasturianas\u00bb pronunci\u00f3 una conferencia en el Antiguo Instituto Jovellanos donde explic\u00f3 las caracter\u00edsticas de esta misa reconocida como BIC. Posteriormente, [&hellip;]<\/p>\n","protected":false},"author":8,"featured_media":0,"comment_status":"closed","ping_status":"open","sticky":false,"template":"","format":"standard","meta":[],"categories":[7],"tags":[],"_links":{"self":[{"href":"https:\/\/fundacionvaldessalas.es\/misadegaita\/wp-json\/wp\/v2\/posts\/931"}],"collection":[{"href":"https:\/\/fundacionvaldessalas.es\/misadegaita\/wp-json\/wp\/v2\/posts"}],"about":[{"href":"https:\/\/fundacionvaldessalas.es\/misadegaita\/wp-json\/wp\/v2\/types\/post"}],"author":[{"embeddable":true,"href":"https:\/\/fundacionvaldessalas.es\/misadegaita\/wp-json\/wp\/v2\/users\/8"}],"replies":[{"embeddable":true,"href":"https:\/\/fundacionvaldessalas.es\/misadegaita\/wp-json\/wp\/v2\/comments?post=931"}],"version-history":[{"count":4,"href":"https:\/\/fundacionvaldessalas.es\/misadegaita\/wp-json\/wp\/v2\/posts\/931\/revisions"}],"predecessor-version":[{"id":975,"href":"https:\/\/fundacionvaldessalas.es\/misadegaita\/wp-json\/wp\/v2\/posts\/931\/revisions\/975"}],"wp:attachment":[{"href":"https:\/\/fundacionvaldessalas.es\/misadegaita\/wp-json\/wp\/v2\/media?parent=931"}],"wp:term":[{"taxonomy":"category","embeddable":true,"href":"https:\/\/fundacionvaldessalas.es\/misadegaita\/wp-json\/wp\/v2\/categories?post=931"},{"taxonomy":"post_tag","embeddable":true,"href":"https:\/\/fundacionvaldessalas.es\/misadegaita\/wp-json\/wp\/v2\/tags?post=931"}],"curies":[{"name":"wp","href":"https:\/\/api.w.org\/{rel}","templated":true}]}}