{"id":956,"date":"2022-06-26T17:14:37","date_gmt":"2022-06-26T17:14:37","guid":{"rendered":"http:\/\/fundacionvaldessalas.es\/misadegaita\/?p=956"},"modified":"2022-06-26T17:39:44","modified_gmt":"2022-06-26T17:39:44","slug":"misa-en-salas-octubre-2021","status":"publish","type":"post","link":"https:\/\/fundacionvaldessalas.es\/misadegaita\/misa-en-salas-octubre-2021\/","title":{"rendered":"Misa en Salas. Octubre 2021"},"content":{"rendered":"<p>Despu\u00e9s del par\u00f3n obligado por la pandemia del Covid -19, el taller Lolo Cornellana retom\u00f3 su actividad en octubre de 2021 con diversos ensayos . La primera misa que cant\u00f3 el taller fue en Salas el d\u00eda 10 de octubre con motivo del fin de las obras de restauraci\u00f3n de la Colegiata de Salas financiadas\u00a0 y promovidas por la Fundaci\u00f3n Vald\u00e9s Salas.<\/p>\n<p>En esta nueva etapa del taller, se ha unido al mismo el gaitero Luis G. Pola, music\u00f3logo y conocedor de la misa de gaita de la zona de Quir\u00f3s de la que es oriundo.<\/p>\n<p>La misa fue celebrada por el Sr Arzobispo D. Jes\u00fas Sanz Montes.<\/p>\n<p>La misa de gaita fue cantada por el taller Lolo Cornellana actuando Pepe\u00b4l Mol\u00edn y M \u00aa Luz Cristobal Caunedo como solistas y\u00a0 Luis Pola como gaitero. Dirigi\u00f3 Joaqu\u00edn Valde\u00f3n.<\/p>\n<p><a href=\"http:\/\/fundacionvaldessalas.es\/misadegaita\/wp-content\/uploads\/2022\/06\/1656263470206.jpg\"><img loading=\"lazy\" class=\"size-medium wp-image-966 aligncenter\" src=\"http:\/\/fundacionvaldessalas.es\/misadegaita\/wp-content\/uploads\/2022\/06\/1656263470206-300x225.jpg\" alt=\"\" width=\"300\" height=\"225\" srcset=\"https:\/\/fundacionvaldessalas.es\/misadegaita\/wp-content\/uploads\/2022\/06\/1656263470206-300x225.jpg 300w, https:\/\/fundacionvaldessalas.es\/misadegaita\/wp-content\/uploads\/2022\/06\/1656263470206-1024x768.jpg 1024w, https:\/\/fundacionvaldessalas.es\/misadegaita\/wp-content\/uploads\/2022\/06\/1656263470206-768x576.jpg 768w, https:\/\/fundacionvaldessalas.es\/misadegaita\/wp-content\/uploads\/2022\/06\/1656263470206-1536x1152.jpg 1536w, https:\/\/fundacionvaldessalas.es\/misadegaita\/wp-content\/uploads\/2022\/06\/1656263470206-400x300.jpg 400w, https:\/\/fundacionvaldessalas.es\/misadegaita\/wp-content\/uploads\/2022\/06\/1656263470206.jpg 1600w\" sizes=\"(max-width: 300px) 100vw, 300px\" \/><\/a><\/p>\n","protected":false},"excerpt":{"rendered":"<p>Despu\u00e9s del par\u00f3n obligado por la pandemia del Covid -19, el taller Lolo Cornellana retom\u00f3 su actividad en octubre de 2021 con diversos ensayos . La primera misa que cant\u00f3 el taller fue en Salas el d\u00eda 10 de octubre con motivo del fin de las obras de restauraci\u00f3n de la Colegiata de Salas financiadas\u00a0 [&hellip;]<\/p>\n","protected":false},"author":8,"featured_media":0,"comment_status":"closed","ping_status":"open","sticky":false,"template":"","format":"standard","meta":[],"categories":[1,7],"tags":[],"_links":{"self":[{"href":"https:\/\/fundacionvaldessalas.es\/misadegaita\/wp-json\/wp\/v2\/posts\/956"}],"collection":[{"href":"https:\/\/fundacionvaldessalas.es\/misadegaita\/wp-json\/wp\/v2\/posts"}],"about":[{"href":"https:\/\/fundacionvaldessalas.es\/misadegaita\/wp-json\/wp\/v2\/types\/post"}],"author":[{"embeddable":true,"href":"https:\/\/fundacionvaldessalas.es\/misadegaita\/wp-json\/wp\/v2\/users\/8"}],"replies":[{"embeddable":true,"href":"https:\/\/fundacionvaldessalas.es\/misadegaita\/wp-json\/wp\/v2\/comments?post=956"}],"version-history":[{"count":3,"href":"https:\/\/fundacionvaldessalas.es\/misadegaita\/wp-json\/wp\/v2\/posts\/956\/revisions"}],"predecessor-version":[{"id":971,"href":"https:\/\/fundacionvaldessalas.es\/misadegaita\/wp-json\/wp\/v2\/posts\/956\/revisions\/971"}],"wp:attachment":[{"href":"https:\/\/fundacionvaldessalas.es\/misadegaita\/wp-json\/wp\/v2\/media?parent=956"}],"wp:term":[{"taxonomy":"category","embeddable":true,"href":"https:\/\/fundacionvaldessalas.es\/misadegaita\/wp-json\/wp\/v2\/categories?post=956"},{"taxonomy":"post_tag","embeddable":true,"href":"https:\/\/fundacionvaldessalas.es\/misadegaita\/wp-json\/wp\/v2\/tags?post=956"}],"curies":[{"name":"wp","href":"https:\/\/api.w.org\/{rel}","templated":true}]}}