{"id":962,"date":"2022-10-17T18:11:11","date_gmt":"2022-10-17T18:11:11","guid":{"rendered":"http:\/\/fundacionvaldessalas.es\/misadegaita\/?p=962"},"modified":"2022-10-17T18:13:22","modified_gmt":"2022-10-17T18:13:22","slug":"misa-en-lugones","status":"publish","type":"post","link":"https:\/\/fundacionvaldessalas.es\/misadegaita\/misa-en-lugones\/","title":{"rendered":"Misa en Lugones. Diciembre 2021"},"content":{"rendered":"<p>El d\u00eda 12 de diciembre de 2021, el taller de la misa de gaita se desplaz\u00f3 a la Iglesia de San F\u00e9lix de Lugones para , en la misa dominical de las 12.30 cantar la misa de gaita rindiendo homenaje a Javier Castro, gaitero y tamborilero de la localidad recientemente fallecido a muy temprana edad y muy vinculado a la m\u00fasica tradicional asturiana.<\/p>\n<p style=\"text-align: left;\">Acompa\u00f1aron al taller con la gaita Luis A. Pola y Xaime Men\u00e9ndez. Como solistas estuvieron M\u00aa Luz Cristobal y Pepe\u00b4l Mol\u00edn<\/p>\n<p><a href=\"http:\/\/fundacionvaldessalas.es\/misadegaita\/wp-content\/uploads\/2022\/09\/1663519827417.jpg\"><img loading=\"lazy\" class=\"size-medium wp-image-982 aligncenter\" src=\"http:\/\/fundacionvaldessalas.es\/misadegaita\/wp-content\/uploads\/2022\/09\/1663519827417-300x300.jpg\" alt=\"\" width=\"300\" height=\"300\" srcset=\"https:\/\/fundacionvaldessalas.es\/misadegaita\/wp-content\/uploads\/2022\/09\/1663519827417-300x300.jpg 300w, https:\/\/fundacionvaldessalas.es\/misadegaita\/wp-content\/uploads\/2022\/09\/1663519827417-1024x1024.jpg 1024w, https:\/\/fundacionvaldessalas.es\/misadegaita\/wp-content\/uploads\/2022\/09\/1663519827417-150x150.jpg 150w, https:\/\/fundacionvaldessalas.es\/misadegaita\/wp-content\/uploads\/2022\/09\/1663519827417-768x768.jpg 768w, https:\/\/fundacionvaldessalas.es\/misadegaita\/wp-content\/uploads\/2022\/09\/1663519827417-50x50.jpg 50w, https:\/\/fundacionvaldessalas.es\/misadegaita\/wp-content\/uploads\/2022\/09\/1663519827417-80x80.jpg 80w, https:\/\/fundacionvaldessalas.es\/misadegaita\/wp-content\/uploads\/2022\/09\/1663519827417.jpg 1512w\" sizes=\"(max-width: 300px) 100vw, 300px\" \/><\/a><\/p>\n<p>&nbsp;<\/p>\n<p>&nbsp;<\/p>\n<p><a href=\"http:\/\/eltapin.com\/noticia\/510\/la-iglesia-san-felix-de-lugones-acogera-el-domingo-12-de-diciembre-a-las-1230-horas-una-misa-asturiana-de-gaita\">Noticia<\/a><\/p>\n","protected":false},"excerpt":{"rendered":"<p>El d\u00eda 12 de diciembre de 2021, el taller de la misa de gaita se desplaz\u00f3 a la Iglesia de San F\u00e9lix de Lugones para , en la misa dominical de las 12.30 cantar la misa de gaita rindiendo homenaje a Javier Castro, gaitero y tamborilero de la localidad recientemente fallecido a muy temprana edad [&hellip;]<\/p>\n","protected":false},"author":8,"featured_media":0,"comment_status":"closed","ping_status":"open","sticky":false,"template":"","format":"standard","meta":[],"categories":[7],"tags":[],"_links":{"self":[{"href":"https:\/\/fundacionvaldessalas.es\/misadegaita\/wp-json\/wp\/v2\/posts\/962"}],"collection":[{"href":"https:\/\/fundacionvaldessalas.es\/misadegaita\/wp-json\/wp\/v2\/posts"}],"about":[{"href":"https:\/\/fundacionvaldessalas.es\/misadegaita\/wp-json\/wp\/v2\/types\/post"}],"author":[{"embeddable":true,"href":"https:\/\/fundacionvaldessalas.es\/misadegaita\/wp-json\/wp\/v2\/users\/8"}],"replies":[{"embeddable":true,"href":"https:\/\/fundacionvaldessalas.es\/misadegaita\/wp-json\/wp\/v2\/comments?post=962"}],"version-history":[{"count":3,"href":"https:\/\/fundacionvaldessalas.es\/misadegaita\/wp-json\/wp\/v2\/posts\/962\/revisions"}],"predecessor-version":[{"id":997,"href":"https:\/\/fundacionvaldessalas.es\/misadegaita\/wp-json\/wp\/v2\/posts\/962\/revisions\/997"}],"wp:attachment":[{"href":"https:\/\/fundacionvaldessalas.es\/misadegaita\/wp-json\/wp\/v2\/media?parent=962"}],"wp:term":[{"taxonomy":"category","embeddable":true,"href":"https:\/\/fundacionvaldessalas.es\/misadegaita\/wp-json\/wp\/v2\/categories?post=962"},{"taxonomy":"post_tag","embeddable":true,"href":"https:\/\/fundacionvaldessalas.es\/misadegaita\/wp-json\/wp\/v2\/tags?post=962"}],"curies":[{"name":"wp","href":"https:\/\/api.w.org\/{rel}","templated":true}]}}