{"id":964,"date":"2022-10-17T18:14:22","date_gmt":"2022-10-17T18:14:22","guid":{"rendered":"http:\/\/fundacionvaldessalas.es\/misadegaita\/?p=964"},"modified":"2022-10-17T18:29:40","modified_gmt":"2022-10-17T18:29:40","slug":"misa-iglesia-de-sta-olaya-gijon-junio-2022","status":"publish","type":"post","link":"https:\/\/fundacionvaldessalas.es\/misadegaita\/misa-iglesia-de-sta-olaya-gijon-junio-2022\/","title":{"rendered":"Misa Iglesia de Sta Olaya. Gij\u00f3n. Junio 2022"},"content":{"rendered":"<p>El domingo 19 de junio 2022, D\u00eda del Corpus Christie, a las 12:00 h, en la Iglesia de Santa Olaya\u00a0 \u2013 Gij\u00f3n, tuvo lugar la interpretaci\u00f3n de la Misa Asturiana de Gaita<\/p>\n<p>El acto conmemor\u00f3 tambi\u00e9n el cuadrag\u00e9simo aniversario de la ordenaci\u00f3n del actual p\u00e1rroco de Sta. Olaya, D. Fernando D\u00edaz Malanda.<\/p>\n<p>La organizaci\u00f3n del evento estuvo a cargo de la Fundaci\u00f3n Vald\u00e9s- Salas<a href=\"http:\/\/fundacionvaldessalas.es\/misadegaita\/wp-content\/uploads\/2022\/10\/1666031202056.jpg\"><img loading=\"lazy\" class=\"size-medium wp-image-1004 aligncenter\" src=\"http:\/\/fundacionvaldessalas.es\/misadegaita\/wp-content\/uploads\/2022\/10\/1666031202056-300x143.jpg\" alt=\"\" width=\"300\" height=\"143\" srcset=\"https:\/\/fundacionvaldessalas.es\/misadegaita\/wp-content\/uploads\/2022\/10\/1666031202056-300x143.jpg 300w, https:\/\/fundacionvaldessalas.es\/misadegaita\/wp-content\/uploads\/2022\/10\/1666031202056-1024x489.jpg 1024w, https:\/\/fundacionvaldessalas.es\/misadegaita\/wp-content\/uploads\/2022\/10\/1666031202056-768x366.jpg 768w, https:\/\/fundacionvaldessalas.es\/misadegaita\/wp-content\/uploads\/2022\/10\/1666031202056-1536x733.jpg 1536w, https:\/\/fundacionvaldessalas.es\/misadegaita\/wp-content\/uploads\/2022\/10\/1666031202056.jpg 2048w\" sizes=\"(max-width: 300px) 100vw, 300px\" \/><\/a><\/p>\n<p>La misa fue interpretada por el coro del Taller \u201cLolo Cornellana\u201d, dirigido por Joaqu\u00edn Valde\u00f3n y actuando como solistas los cantantes asturianos Mari Luz Crist\u00f3bal Caunedo y Pepe\u2019l Mol\u00edn, acompa\u00f1ados por los gaiteros: Xaime Men\u00e9ndez y Luis Pola.<\/p>\n<p style=\"text-align: center;\"><a href=\"http:\/\/fundacionvaldessalas.es\/misadegaita\/wp-content\/uploads\/2022\/10\/1666031202065.jpg\"><img loading=\"lazy\" class=\"alignnone size-medium wp-image-1003\" src=\"http:\/\/fundacionvaldessalas.es\/misadegaita\/wp-content\/uploads\/2022\/10\/1666031202065-300x173.jpg\" alt=\"\" width=\"300\" height=\"173\" srcset=\"https:\/\/fundacionvaldessalas.es\/misadegaita\/wp-content\/uploads\/2022\/10\/1666031202065-300x173.jpg 300w, https:\/\/fundacionvaldessalas.es\/misadegaita\/wp-content\/uploads\/2022\/10\/1666031202065-1024x590.jpg 1024w, https:\/\/fundacionvaldessalas.es\/misadegaita\/wp-content\/uploads\/2022\/10\/1666031202065-768x442.jpg 768w, https:\/\/fundacionvaldessalas.es\/misadegaita\/wp-content\/uploads\/2022\/10\/1666031202065-1536x885.jpg 1536w, https:\/\/fundacionvaldessalas.es\/misadegaita\/wp-content\/uploads\/2022\/10\/1666031202065.jpg 1847w\" sizes=\"(max-width: 300px) 100vw, 300px\" \/><\/a><\/p>\n","protected":false},"excerpt":{"rendered":"<p>El domingo 19 de junio 2022, D\u00eda del Corpus Christie, a las 12:00 h, en la Iglesia de Santa Olaya\u00a0 \u2013 Gij\u00f3n, tuvo lugar la interpretaci\u00f3n de la Misa Asturiana de Gaita El acto conmemor\u00f3 tambi\u00e9n el cuadrag\u00e9simo aniversario de la ordenaci\u00f3n del actual p\u00e1rroco de Sta. Olaya, D. Fernando D\u00edaz Malanda. La organizaci\u00f3n del [&hellip;]<\/p>\n","protected":false},"author":8,"featured_media":0,"comment_status":"closed","ping_status":"open","sticky":false,"template":"","format":"standard","meta":[],"categories":[1,7],"tags":[],"_links":{"self":[{"href":"https:\/\/fundacionvaldessalas.es\/misadegaita\/wp-json\/wp\/v2\/posts\/964"}],"collection":[{"href":"https:\/\/fundacionvaldessalas.es\/misadegaita\/wp-json\/wp\/v2\/posts"}],"about":[{"href":"https:\/\/fundacionvaldessalas.es\/misadegaita\/wp-json\/wp\/v2\/types\/post"}],"author":[{"embeddable":true,"href":"https:\/\/fundacionvaldessalas.es\/misadegaita\/wp-json\/wp\/v2\/users\/8"}],"replies":[{"embeddable":true,"href":"https:\/\/fundacionvaldessalas.es\/misadegaita\/wp-json\/wp\/v2\/comments?post=964"}],"version-history":[{"count":6,"href":"https:\/\/fundacionvaldessalas.es\/misadegaita\/wp-json\/wp\/v2\/posts\/964\/revisions"}],"predecessor-version":[{"id":1006,"href":"https:\/\/fundacionvaldessalas.es\/misadegaita\/wp-json\/wp\/v2\/posts\/964\/revisions\/1006"}],"wp:attachment":[{"href":"https:\/\/fundacionvaldessalas.es\/misadegaita\/wp-json\/wp\/v2\/media?parent=964"}],"wp:term":[{"taxonomy":"category","embeddable":true,"href":"https:\/\/fundacionvaldessalas.es\/misadegaita\/wp-json\/wp\/v2\/categories?post=964"},{"taxonomy":"post_tag","embeddable":true,"href":"https:\/\/fundacionvaldessalas.es\/misadegaita\/wp-json\/wp\/v2\/tags?post=964"}],"curies":[{"name":"wp","href":"https:\/\/api.w.org\/{rel}","templated":true}]}}