{"id":976,"date":"2022-09-18T16:21:56","date_gmt":"2022-09-18T16:21:56","guid":{"rendered":"http:\/\/fundacionvaldessalas.es\/misadegaita\/?p=976"},"modified":"2022-09-18T17:26:29","modified_gmt":"2022-09-18T17:26:29","slug":"iii-feria-de-musica-antigua-de-gijon","status":"publish","type":"post","link":"https:\/\/fundacionvaldessalas.es\/misadegaita\/iii-feria-de-musica-antigua-de-gijon\/","title":{"rendered":"III Feria de M\u00fasica Antigua de Gij\u00f3n. Octubre 2021"},"content":{"rendered":"<h5>Recuperada la actividad del taller, este fue invitado a participar en la III Feria de m\u00fasica Antigua de Gij\u00f3n que se celebr\u00f3 los d\u00edas 29, 30 y 31 de Octubre de 2021<\/h5>\n<h5>El evento, organizado por la Asociaci\u00f3n de Grupos Espa\u00f1oles de M\u00fasica Antigua (GEMA), cuenta en esta edici\u00f3n con la colaboraci\u00f3n de la Fundaci\u00f3n Municipal de Cultura, Educaci\u00f3n y Universidad Popular del Ayuntamiento de Gij\u00f3n\/Xix\u00f3n, que se involucra de este modo en una cita ineludible para el sector de la m\u00fasica antigua espa\u00f1ola, en tanto que manifiesta su fortaleza y canaliza sus conexiones internacionales.<\/h5>\n<h5 style=\"text-align: center;\"><a href=\"http:\/\/fundacionvaldessalas.es\/misadegaita\/wp-content\/uploads\/2022\/09\/1663519827430.jpg\"><img loading=\"lazy\" class=\"alignnone size-medium wp-image-984\" src=\"http:\/\/fundacionvaldessalas.es\/misadegaita\/wp-content\/uploads\/2022\/09\/1663519827430-300x204.jpg\" alt=\"\" width=\"300\" height=\"204\" srcset=\"https:\/\/fundacionvaldessalas.es\/misadegaita\/wp-content\/uploads\/2022\/09\/1663519827430-300x204.jpg 300w, https:\/\/fundacionvaldessalas.es\/misadegaita\/wp-content\/uploads\/2022\/09\/1663519827430-1024x697.jpg 1024w, https:\/\/fundacionvaldessalas.es\/misadegaita\/wp-content\/uploads\/2022\/09\/1663519827430-768x522.jpg 768w, https:\/\/fundacionvaldessalas.es\/misadegaita\/wp-content\/uploads\/2022\/09\/1663519827430-1536x1045.jpg 1536w, https:\/\/fundacionvaldessalas.es\/misadegaita\/wp-content\/uploads\/2022\/09\/1663519827430.jpg 2048w\" sizes=\"(max-width: 300px) 100vw, 300px\" \/><\/a><\/h5>\n<h5>El Taller Lolo Cornellana\u00a0 particip\u00f3 el s\u00e1bado d\u00eda 30 de octubre cantando una misa de gaita en la Bas\u00edlica del Sagrado Coraz\u00f3n de Jes\u00fas. Acompa\u00f1\u00f3 al Taller el gaitero Luis Pola y cantaron como solistas Pepe&#8217;l Mol\u00edn y M\u00aa Luz Cristobal Caunedo<\/h5>\n<h5><a href=\"https:\/\/drupal.gijon.es\/sites\/default\/files\/2021-10\/Programaci%C3%B3n%20III%20FEIMA.pdf\"><strong>\u00a0PROGRAMA<\/strong><\/a><\/h5>\n","protected":false},"excerpt":{"rendered":"<p>Recuperada la actividad del taller, este fue invitado a participar en la III Feria de m\u00fasica Antigua de Gij\u00f3n que se celebr\u00f3 los d\u00edas 29, 30 y 31 de Octubre de 2021 El evento, organizado por la Asociaci\u00f3n de Grupos Espa\u00f1oles de M\u00fasica Antigua (GEMA), cuenta en esta edici\u00f3n con la colaboraci\u00f3n de la Fundaci\u00f3n [&hellip;]<\/p>\n","protected":false},"author":8,"featured_media":0,"comment_status":"closed","ping_status":"open","sticky":false,"template":"","format":"standard","meta":[],"categories":[1,7],"tags":[],"_links":{"self":[{"href":"https:\/\/fundacionvaldessalas.es\/misadegaita\/wp-json\/wp\/v2\/posts\/976"}],"collection":[{"href":"https:\/\/fundacionvaldessalas.es\/misadegaita\/wp-json\/wp\/v2\/posts"}],"about":[{"href":"https:\/\/fundacionvaldessalas.es\/misadegaita\/wp-json\/wp\/v2\/types\/post"}],"author":[{"embeddable":true,"href":"https:\/\/fundacionvaldessalas.es\/misadegaita\/wp-json\/wp\/v2\/users\/8"}],"replies":[{"embeddable":true,"href":"https:\/\/fundacionvaldessalas.es\/misadegaita\/wp-json\/wp\/v2\/comments?post=976"}],"version-history":[{"count":7,"href":"https:\/\/fundacionvaldessalas.es\/misadegaita\/wp-json\/wp\/v2\/posts\/976\/revisions"}],"predecessor-version":[{"id":988,"href":"https:\/\/fundacionvaldessalas.es\/misadegaita\/wp-json\/wp\/v2\/posts\/976\/revisions\/988"}],"wp:attachment":[{"href":"https:\/\/fundacionvaldessalas.es\/misadegaita\/wp-json\/wp\/v2\/media?parent=976"}],"wp:term":[{"taxonomy":"category","embeddable":true,"href":"https:\/\/fundacionvaldessalas.es\/misadegaita\/wp-json\/wp\/v2\/categories?post=976"},{"taxonomy":"post_tag","embeddable":true,"href":"https:\/\/fundacionvaldessalas.es\/misadegaita\/wp-json\/wp\/v2\/tags?post=976"}],"curies":[{"name":"wp","href":"https:\/\/api.w.org\/{rel}","templated":true}]}}