{"id":989,"date":"2022-09-18T17:24:46","date_gmt":"2022-09-18T17:24:46","guid":{"rendered":"http:\/\/fundacionvaldessalas.es\/misadegaita\/?p=989"},"modified":"2022-09-18T17:30:02","modified_gmt":"2022-09-18T17:30:02","slug":"900-aniversario-consagracion-iglesia-santa-eulalia-de-doriga","status":"publish","type":"post","link":"https:\/\/fundacionvaldessalas.es\/misadegaita\/900-aniversario-consagracion-iglesia-santa-eulalia-de-doriga\/","title":{"rendered":"900 Aniversario consagraci\u00f3n Iglesia Santa Eulalia de Doriga. Noviembre 2021"},"content":{"rendered":"<p>La Iglesia de Santa Eulalia de Doriga, Salas celebr\u00f3 el\u00a0 viernes 19 de Noviembre de 2021 los 900 a\u00f1os de su Consagraci\u00f3n por el Obispo Pelayo. A lo largo de ese fin de semana se sucedieron varios actos conmemorativos que culminaron con la celebraci\u00f3n de una misa el domingo 21 celebrada por el Arzobispo Jes\u00fas Sanz Montes y cantada por el Taller Lolo Cornellana.<\/p>\n<p>La Iglesia de Doriga, por su cercan\u00eda a Cornellana , ha sido una de las iglesias donde se ha cantado la misa de gaita todos los a\u00f1os desde hace m\u00e1s de 40. Habitualmente se canta en las misas de celebraci\u00f3n del Corpus y el Rosario y sol\u00edan cantarla Lolo y Pepe\u00b4l\u00a0 Mol\u00edn en los \u00faltimos a\u00f1os acompa\u00f1ados por Xaime Men\u00e9ndez. Tras el fallecimiento de Lolo, es Pepe el que la canta como solista. Esta vez ha sido el Taller Lolo Cornellana, con M\u00aa Luz Cristobal Caunedo, Pepe\u00b4l Mol\u00edn y acompa\u00f1ados a la gaita por Xaime Men\u00e9ndez<\/p>\n<p style=\"text-align: center;\"><a href=\"http:\/\/fundacionvaldessalas.es\/misadegaita\/wp-content\/uploads\/2022\/09\/1663519827423.jpg\"><img loading=\"lazy\" class=\"alignnone size-medium wp-image-983\" src=\"http:\/\/fundacionvaldessalas.es\/misadegaita\/wp-content\/uploads\/2022\/09\/1663519827423-300x205.jpg\" alt=\"\" width=\"300\" height=\"205\" srcset=\"https:\/\/fundacionvaldessalas.es\/misadegaita\/wp-content\/uploads\/2022\/09\/1663519827423-300x205.jpg 300w, https:\/\/fundacionvaldessalas.es\/misadegaita\/wp-content\/uploads\/2022\/09\/1663519827423-1024x698.jpg 1024w, https:\/\/fundacionvaldessalas.es\/misadegaita\/wp-content\/uploads\/2022\/09\/1663519827423-768x524.jpg 768w, https:\/\/fundacionvaldessalas.es\/misadegaita\/wp-content\/uploads\/2022\/09\/1663519827423-1536x1048.jpg 1536w, https:\/\/fundacionvaldessalas.es\/misadegaita\/wp-content\/uploads\/2022\/09\/1663519827423.jpg 1739w\" sizes=\"(max-width: 300px) 100vw, 300px\" \/><\/a><\/p>\n<p><a href=\"https:\/\/lavozdeltrubia.es\/2021\/11\/24\/los-900-anos-de-santa-eulalia-de-doriga\/\">La Voz de Trubia<\/a><\/p>\n","protected":false},"excerpt":{"rendered":"<p>La Iglesia de Santa Eulalia de Doriga, Salas celebr\u00f3 el\u00a0 viernes 19 de Noviembre de 2021 los 900 a\u00f1os de su Consagraci\u00f3n por el Obispo Pelayo. A lo largo de ese fin de semana se sucedieron varios actos conmemorativos que culminaron con la celebraci\u00f3n de una misa el domingo 21 celebrada por el Arzobispo Jes\u00fas [&hellip;]<\/p>\n","protected":false},"author":8,"featured_media":0,"comment_status":"closed","ping_status":"open","sticky":false,"template":"","format":"standard","meta":[],"categories":[1,7],"tags":[],"_links":{"self":[{"href":"https:\/\/fundacionvaldessalas.es\/misadegaita\/wp-json\/wp\/v2\/posts\/989"}],"collection":[{"href":"https:\/\/fundacionvaldessalas.es\/misadegaita\/wp-json\/wp\/v2\/posts"}],"about":[{"href":"https:\/\/fundacionvaldessalas.es\/misadegaita\/wp-json\/wp\/v2\/types\/post"}],"author":[{"embeddable":true,"href":"https:\/\/fundacionvaldessalas.es\/misadegaita\/wp-json\/wp\/v2\/users\/8"}],"replies":[{"embeddable":true,"href":"https:\/\/fundacionvaldessalas.es\/misadegaita\/wp-json\/wp\/v2\/comments?post=989"}],"version-history":[{"count":4,"href":"https:\/\/fundacionvaldessalas.es\/misadegaita\/wp-json\/wp\/v2\/posts\/989\/revisions"}],"predecessor-version":[{"id":994,"href":"https:\/\/fundacionvaldessalas.es\/misadegaita\/wp-json\/wp\/v2\/posts\/989\/revisions\/994"}],"wp:attachment":[{"href":"https:\/\/fundacionvaldessalas.es\/misadegaita\/wp-json\/wp\/v2\/media?parent=989"}],"wp:term":[{"taxonomy":"category","embeddable":true,"href":"https:\/\/fundacionvaldessalas.es\/misadegaita\/wp-json\/wp\/v2\/categories?post=989"},{"taxonomy":"post_tag","embeddable":true,"href":"https:\/\/fundacionvaldessalas.es\/misadegaita\/wp-json\/wp\/v2\/tags?post=989"}],"curies":[{"name":"wp","href":"https:\/\/api.w.org\/{rel}","templated":true}]}}