{"id":4,"name":"Llori\u00e1n Garc\u00eda Fl\u00f3rez","url":"","description":"","link":"https:\/\/fundacionvaldessalas.es\/misadegaita\/author\/lloriangarcia\/","slug":"lloriangarcia","avatar_urls":{"24":"https:\/\/secure.gravatar.com\/avatar\/f1f8f8ec61202d292f17a707f81236fe?s=24&d=mm&r=g","48":"https:\/\/secure.gravatar.com\/avatar\/f1f8f8ec61202d292f17a707f81236fe?s=48&d=mm&r=g","96":"https:\/\/secure.gravatar.com\/avatar\/f1f8f8ec61202d292f17a707f81236fe?s=96&d=mm&r=g"},"meta":[],"_links":{"self":[{"href":"https:\/\/fundacionvaldessalas.es\/misadegaita\/wp-json\/wp\/v2\/users\/4"}],"collection":[{"href":"https:\/\/fundacionvaldessalas.es\/misadegaita\/wp-json\/wp\/v2\/users"}]}}